{"id":13454,"date":"2022-10-03T11:43:02","date_gmt":"2022-10-03T11:43:02","guid":{"rendered":"http:\/\/staging.ibermusicas.org\/?p=13454"},"modified":"2022-10-03T11:43:02","modified_gmt":"2022-10-03T11:43:02","slug":"a-artista-argentina-la-lucia-se-apresentara-na-espanha-em-palcos-em-barcelona-e-granada","status":"publish","type":"post","link":"http:\/\/staging.ibermusicas.org\/index.php\/a-artista-argentina-la-lucia-se-apresentara-na-espanha-em-palcos-em-barcelona-e-granada\/","title":{"rendered":"A artista argentina La Luc\u00eda se apresentar\u00e1 na Espanha em palcos em Barcelona e Granada"},"content":{"rendered":"<p>La Luc\u00eda \u00e9 uma artista perform\u00e1tica argentina que busca nos diferentes signos com os quais se comunica: m\u00fasica, dan\u00e7a, letras, teatro e moda, compartilhar uma mensagem de diversidade e novas formas de ser e de se relacionar. Sua obra permite vislumbrar um passeio pelo cotidiano a partir do humor e da profundidade po\u00e9tica da vida.<\/p>\n<p>&nbsp;<\/p>\n<p>La Luc\u00eda prop\u00f5e um som direto. Seu estilo atual vem da conjun\u00e7\u00e3o entre suas ra\u00edzes folk fundidas com as ferramentas propostas pelo som digital.<\/p>\n<p>Em 2016 apresentou seu primeiro \u00e1lbum solo \u00abEl Universo de la Manzana\u00bb com um carater folk\/fusion,\u00bbfala sobre a conex\u00e3o com a natureza e comigo mesma. Tem muito jogo. Eu fui muito livre na hora de compor e criando, sempre pensando nas ra\u00edzes\u00bb. Em 2020 apresentou seu segundo material discogr\u00e1fico intitulado \u00abPelaje\u00bb, \u00abfala sobre a redescoberta de si mesmo, o amor pr\u00f3prio e a constru\u00e7\u00e3o de um novo paradigma de ser. Falo por experi\u00eancia pr\u00f3pria, depois de parir, de me borrar para criar, de ter medo, de amar de maneiras impens\u00e1veis \u200b\u200be de renascer em outra pele com o desejo profundo de que o universo se volte para liberdades mais verdadeiras. Pelaje tenta ser uma companhia e um abra\u00e7o em tempos de v\u00edrus, crise e evolu\u00e7\u00e3o\u201d.<\/p>\n<p>&nbsp;<\/p>\n<p>S\u00e1bado 1 de outubro em Absenta del Raval, Barcelona, \u200b\u200b\u200b\u200b21h.<\/p>\n<p>S\u00e1bado 8 de outubro em La Chistera, Granada, 21h.<\/p>\n","protected":false},"excerpt":{"rendered":"<p>La Luc\u00eda \u00e9 uma artista perform\u00e1tica argentina que busca nos diferentes signos com os quais se comunica: m\u00fasica, dan\u00e7a, letras, teatro e moda, compartilhar uma mensagem de diversidade e novas formas de ser e de se relacionar. Sua obra permite vislumbrar um passeio pelo cotidiano a partir do humor e da profundidade po\u00e9tica da vida. [&hellip;]<\/p>\n","protected":false},"author":1,"featured_media":13452,"comment_status":"closed","ping_status":"closed","sticky":false,"template":"","format":"standard","meta":{"footnotes":""},"categories":[218],"tags":[],"class_list":["post-13454","post","type-post","status-publish","format-standard","has-post-thumbnail","hentry","category-noticias-generales-pt"],"lang":"pt","translations":{"pt":13454,"es":13450},"pll_sync_post":[],"post_mailing_queue_ids":[],"_links":{"self":[{"href":"http:\/\/staging.ibermusicas.org\/index.php\/wp-json\/wp\/v2\/posts\/13454","targetHints":{"allow":["GET"]}}],"collection":[{"href":"http:\/\/staging.ibermusicas.org\/index.php\/wp-json\/wp\/v2\/posts"}],"about":[{"href":"http:\/\/staging.ibermusicas.org\/index.php\/wp-json\/wp\/v2\/types\/post"}],"author":[{"embeddable":true,"href":"http:\/\/staging.ibermusicas.org\/index.php\/wp-json\/wp\/v2\/users\/1"}],"replies":[{"embeddable":true,"href":"http:\/\/staging.ibermusicas.org\/index.php\/wp-json\/wp\/v2\/comments?post=13454"}],"version-history":[{"count":1,"href":"http:\/\/staging.ibermusicas.org\/index.php\/wp-json\/wp\/v2\/posts\/13454\/revisions"}],"predecessor-version":[{"id":13455,"href":"http:\/\/staging.ibermusicas.org\/index.php\/wp-json\/wp\/v2\/posts\/13454\/revisions\/13455"}],"wp:featuredmedia":[{"embeddable":true,"href":"http:\/\/staging.ibermusicas.org\/index.php\/wp-json\/wp\/v2\/media\/13452"}],"wp:attachment":[{"href":"http:\/\/staging.ibermusicas.org\/index.php\/wp-json\/wp\/v2\/media?parent=13454"}],"wp:term":[{"taxonomy":"category","embeddable":true,"href":"http:\/\/staging.ibermusicas.org\/index.php\/wp-json\/wp\/v2\/categories?post=13454"},{"taxonomy":"post_tag","embeddable":true,"href":"http:\/\/staging.ibermusicas.org\/index.php\/wp-json\/wp\/v2\/tags?post=13454"}],"curies":[{"name":"wp","href":"https:\/\/api.w.org\/{rel}","templated":true}]}}