{"id":13456,"date":"2022-10-03T11:48:44","date_gmt":"2022-10-03T11:48:44","guid":{"rendered":"http:\/\/staging.ibermusicas.org\/?p=13456"},"modified":"2022-10-31T13:58:03","modified_gmt":"2022-10-31T13:58:03","slug":"el-grupo-iroko-trio-actuara-en-la-casa-da-america-latina-en-lisboa-portugal","status":"publish","type":"post","link":"http:\/\/staging.ibermusicas.org\/index.php\/el-grupo-iroko-trio-actuara-en-la-casa-da-america-latina-en-lisboa-portugal\/","title":{"rendered":"El grupo Iroko Tr\u00edo actuar\u00e1 en la Casa da Am\u00e9rica Latina en Lisboa, Portugal"},"content":{"rendered":"<p>Iroko Trio es un grupo formado por tres artistas que se conocieron en Brasil. Elodie Bouny, guitarrista, hija de una boliviana, nacida en Venezuela y criada en Par\u00eds. Carla Rinc\u00f3n, violinista, venezolana residente en Brasil y Marcelo Caldi, acordeonista brasile\u00f1o. Con un sonido vers\u00e1til y contempor\u00e1neo, Iroko Tr\u00edo recorre un camino \u00fanico en la vasta geograf\u00eda musical de Am\u00e9rica Latina. Con arreglos propios, exploran la profundidad y amplitud de cada uno de los instrumentos y crean sorprendentes alternativas sonoras para la formaci\u00f3n. Compuesto por tres instrumentistas de brillante trayectoria individual y pr\u00e1cticas musicales que se mueven entre la m\u00fasica cl\u00e1sica y la popular, en ocasiones adaptan piezas orquestales al formato de tr\u00edo o ampl\u00edan piezas escritas para instrumentos solistas para los tres instrumentos, contrastando magistralmente la concepci\u00f3n erudita con las formas populares. Una invitaci\u00f3n irresistible a los o\u00eddos atentos.<\/p>\n<p>&nbsp;<\/p>\n<p>El objetivo de esta propuesta es promover la reuni\u00f3n del grupo en Portugal para un concierto de pre lanzamiento del disco del tr\u00edo, que se llamar\u00e1 Andarilhos Am\u00e9rica, que ser\u00e1 grabado en el Auditorio de la Casa da Am\u00e9rica Latina, en Lisboa.<\/p>\n<p>&nbsp;<\/p>\n<p>Andarilhos Am\u00e9rica alude a uno de los temas del disco, la canci\u00f3n Andariego (en portugu\u00e9s Andarilho) escrita por el compositor peruano Sergio Valdeos y arreglada por el propio compositor, especialmente para el Iroko Trio. Adem\u00e1s, el disco cuenta con la participaci\u00f3n muy especial de uno de los m\u00e1s grandes cantantes en actividad en Brasil, Marcos Sacramento, quien pone su voz en la sublime Melod\u00eda Sentimental del compositor brasile\u00f1o Heitor Villa-Lobos. El disco tambi\u00e9n cuenta con dos temas originales: Xote Gringo de Marcelo Caldi y Milonga Turca de \u00c9lodie Bouny.<\/p>\n<p>&nbsp;<\/p>\n<p>Por su brillante habilidad para moverse entre lo erudito y lo popular, el tr\u00edo fue seleccionado para grabar el documental \u201cPoetas do Villa\u201d, para el canal TV Brasil, con arreglos de Marcelo Caldi y Elodie Bouny de canciones de Villa Lobos con ilustres invitados como Elba Ramalho, Marcos Sacramento, Clarice Grova, Julia Vargas, Fernando Portari y Elisa Lucinda.<\/p>\n<p>&nbsp;<\/p>\n<p>Martes 4 de octubre en Casa da Am\u00e9rica Latina, Avenida da India, 110, 1300-300 Lisboa, Portugal<\/p>\n","protected":false},"excerpt":{"rendered":"<p>Iroko Trio es un grupo formado por tres artistas que se conocieron en Brasil. Elodie Bouny, guitarrista, hija de una boliviana, nacida en Venezuela y criada en Par\u00eds. Carla Rinc\u00f3n, violinista, venezolana residente en Brasil y Marcelo Caldi, acordeonista brasile\u00f1o. Con un sonido vers\u00e1til y contempor\u00e1neo, Iroko Tr\u00edo recorre un camino \u00fanico en la vasta [&hellip;]<\/p>\n","protected":false},"author":1,"featured_media":13457,"comment_status":"closed","ping_status":"closed","sticky":false,"template":"","format":"standard","meta":{"footnotes":""},"categories":[53],"tags":[],"class_list":["post-13456","post","type-post","status-publish","format-standard","has-post-thumbnail","hentry","category-noticias-generales"],"lang":"es","translations":{"es":13456,"pt":13459},"pll_sync_post":[],"post_mailing_queue_ids":[],"_links":{"self":[{"href":"http:\/\/staging.ibermusicas.org\/index.php\/wp-json\/wp\/v2\/posts\/13456","targetHints":{"allow":["GET"]}}],"collection":[{"href":"http:\/\/staging.ibermusicas.org\/index.php\/wp-json\/wp\/v2\/posts"}],"about":[{"href":"http:\/\/staging.ibermusicas.org\/index.php\/wp-json\/wp\/v2\/types\/post"}],"author":[{"embeddable":true,"href":"http:\/\/staging.ibermusicas.org\/index.php\/wp-json\/wp\/v2\/users\/1"}],"replies":[{"embeddable":true,"href":"http:\/\/staging.ibermusicas.org\/index.php\/wp-json\/wp\/v2\/comments?post=13456"}],"version-history":[{"count":1,"href":"http:\/\/staging.ibermusicas.org\/index.php\/wp-json\/wp\/v2\/posts\/13456\/revisions"}],"predecessor-version":[{"id":13458,"href":"http:\/\/staging.ibermusicas.org\/index.php\/wp-json\/wp\/v2\/posts\/13456\/revisions\/13458"}],"wp:featuredmedia":[{"embeddable":true,"href":"http:\/\/staging.ibermusicas.org\/index.php\/wp-json\/wp\/v2\/media\/13457"}],"wp:attachment":[{"href":"http:\/\/staging.ibermusicas.org\/index.php\/wp-json\/wp\/v2\/media?parent=13456"}],"wp:term":[{"taxonomy":"category","embeddable":true,"href":"http:\/\/staging.ibermusicas.org\/index.php\/wp-json\/wp\/v2\/categories?post=13456"},{"taxonomy":"post_tag","embeddable":true,"href":"http:\/\/staging.ibermusicas.org\/index.php\/wp-json\/wp\/v2\/tags?post=13456"}],"curies":[{"name":"wp","href":"https:\/\/api.w.org\/{rel}","templated":true}]}}