{"id":13459,"date":"2022-10-03T11:50:48","date_gmt":"2022-10-03T11:50:48","guid":{"rendered":"http:\/\/staging.ibermusicas.org\/?p=13459"},"modified":"2022-10-31T14:40:16","modified_gmt":"2022-10-31T14:40:16","slug":"a-agrupacao-iroko-trio-vai-se-apresentar-na-casa-da-america-latina-em-lisboa-portugal","status":"publish","type":"post","link":"http:\/\/staging.ibermusicas.org\/index.php\/a-agrupacao-iroko-trio-vai-se-apresentar-na-casa-da-america-latina-em-lisboa-portugal\/","title":{"rendered":"A agrupa\u00e7\u00e3o Iroko Trio vai se apresentar na Casa da Am\u00e9rica Latina em Lisboa,\u00a0 Portugal"},"content":{"rendered":"<p>Iroko Trio \u00e9 um grupo formado por tr\u00eas artistas que se encontraram no Brasil. Elodie Bouny, violonista, filha de uma boliviana, nascida na Venezuela e criada em Paris. Carla Rinc\u00f3n, violinista, venezuelana radicada no Brasil e Marcelo Caldi, acordeonista brasileiro. Com uma sonoridade vers\u00e1til e contempor\u00e2nea, Iroko Trio percorre um caminho \u00fanico na ampla geografia musical da Am\u00e9rica Latina. Com arranjos pr\u00f3prios, exploram a profundidade e amplitude de cada um dos instrumentos e criam alternativas sonoras surpreendentes para a forma\u00e7\u00e3o. Composto por tr\u00eas instrumentistas com brilhantes carreiras individuais e pr\u00e1ticas musicais que transitam entre a m\u00fasica erudita e popular, ora adaptam pe\u00e7as orquestrais para o formato em trio ou expandem pe\u00e7as escritas para instrumentos solistas para os tr\u00eas instrumentos contrapondo com maestria a concep\u00e7\u00e3o erudita \u00e0s formas populares. Um convite irrecus\u00e1vel para ouvidos atentos.<\/p>\n<p>&nbsp;<\/p>\n<p>O objetivo desta proposta \u00e9 promover o reencontro do grupo em Portugal para a realiza\u00e7\u00e3o de um concerto de pr\u00e9-lan\u00e7amento do \u00e1lbum do trio, que se chamar\u00e1 Andarilhos Am\u00e9rica, a ser gravado no Audit\u00f3rio da Casa da Am\u00e9rica Latina, em Lisboa.<\/p>\n<p>&nbsp;<\/p>\n<p>Andarilhos Am\u00e9rica faz alus\u00e3o a um dos temas do \u00e1lbum, a m\u00fasica Andariego (em portugu\u00eas Andarilho) escrita pelo compositor peruano Sergio Valdeos e arranjado pelo pr\u00f3prio compositor, especialmente para o Iroko Trio. Ainda, o \u00e1lbum conta com a participa\u00e7\u00e3o muito especial de um dos maiores cantores em atividade no Brasil, Marcos Sacramento, que presta a sua voz na sublime Melodia Sentimental do compositor brasileiro Heitor Villa-Lobos. O \u00e1lbum tamb\u00e9m conta com duas faixas autorais: Xote Gringo de Marcelo Caldi e Milonga Turca de \u00c9lodie Bouny.<\/p>\n<p>&nbsp;<\/p>\n<p>Devido a sua brilhante capacidade de transitar entre o erudito e o popular, o trio foi selecionado para gravar o document\u00e1rio \u201cPoetas do Villa\u201d, para o canal TV Brasil, com arranjos de Marcelo Caldi e Elodie Bouny de can\u00e7\u00f5es do Villa Lobos com convidados ilustres, tais como Elba Ramalho, Marcos Sacramento, Clarice Grova, Julia Vargas, Fernando Portari e Elisa Lucinda.<\/p>\n<p>&nbsp;<\/p>\n<p>Ter\u00e7a-feira 4 de outubro em Casa da Am\u00e9rica Latina, Avenida da \u00cdndia, 110, 1300-300 Lisboa, Portugal<\/p>\n<p>&nbsp;<\/p>\n","protected":false},"excerpt":{"rendered":"<p>Iroko Trio \u00e9 um grupo formado por tr\u00eas artistas que se encontraram no Brasil. Elodie Bouny, violonista, filha de uma boliviana, nascida na Venezuela e criada em Paris. Carla Rinc\u00f3n, violinista, venezuelana radicada no Brasil e Marcelo Caldi, acordeonista brasileiro. Com uma sonoridade vers\u00e1til e contempor\u00e2nea, Iroko Trio percorre um caminho \u00fanico na ampla geografia [&hellip;]<\/p>\n","protected":false},"author":1,"featured_media":13457,"comment_status":"closed","ping_status":"closed","sticky":false,"template":"","format":"standard","meta":{"footnotes":""},"categories":[218],"tags":[],"class_list":["post-13459","post","type-post","status-publish","format-standard","has-post-thumbnail","hentry","category-noticias-generales-pt"],"lang":"pt","translations":{"pt":13459,"es":13456},"pll_sync_post":[],"post_mailing_queue_ids":[],"_links":{"self":[{"href":"http:\/\/staging.ibermusicas.org\/index.php\/wp-json\/wp\/v2\/posts\/13459","targetHints":{"allow":["GET"]}}],"collection":[{"href":"http:\/\/staging.ibermusicas.org\/index.php\/wp-json\/wp\/v2\/posts"}],"about":[{"href":"http:\/\/staging.ibermusicas.org\/index.php\/wp-json\/wp\/v2\/types\/post"}],"author":[{"embeddable":true,"href":"http:\/\/staging.ibermusicas.org\/index.php\/wp-json\/wp\/v2\/users\/1"}],"replies":[{"embeddable":true,"href":"http:\/\/staging.ibermusicas.org\/index.php\/wp-json\/wp\/v2\/comments?post=13459"}],"version-history":[{"count":1,"href":"http:\/\/staging.ibermusicas.org\/index.php\/wp-json\/wp\/v2\/posts\/13459\/revisions"}],"predecessor-version":[{"id":13460,"href":"http:\/\/staging.ibermusicas.org\/index.php\/wp-json\/wp\/v2\/posts\/13459\/revisions\/13460"}],"wp:featuredmedia":[{"embeddable":true,"href":"http:\/\/staging.ibermusicas.org\/index.php\/wp-json\/wp\/v2\/media\/13457"}],"wp:attachment":[{"href":"http:\/\/staging.ibermusicas.org\/index.php\/wp-json\/wp\/v2\/media?parent=13459"}],"wp:term":[{"taxonomy":"category","embeddable":true,"href":"http:\/\/staging.ibermusicas.org\/index.php\/wp-json\/wp\/v2\/categories?post=13459"},{"taxonomy":"post_tag","embeddable":true,"href":"http:\/\/staging.ibermusicas.org\/index.php\/wp-json\/wp\/v2\/tags?post=13459"}],"curies":[{"name":"wp","href":"https:\/\/api.w.org\/{rel}","templated":true}]}}