{"id":13461,"date":"2022-10-03T11:53:34","date_gmt":"2022-10-03T11:53:34","guid":{"rendered":"http:\/\/staging.ibermusicas.org\/?p=13461"},"modified":"2022-10-31T13:57:44","modified_gmt":"2022-10-31T13:57:44","slug":"desde-brasil-llega-la-primera-edicion-del-festival-niamakala-2022","status":"publish","type":"post","link":"http:\/\/staging.ibermusicas.org\/index.php\/desde-brasil-llega-la-primera-edicion-del-festival-niamakala-2022\/","title":{"rendered":"Desde Brasil llega la primera edici\u00f3n del Festival Niamakala 2022"},"content":{"rendered":"<p style=\"text-align: right;\"><em>\u00abTodo habla, todo es palabra. <\/em><\/p>\n<p style=\"text-align: right;\"><em>Todo quiere comunicarnos alg\u00fan conocimiento.\u00bb <\/em><\/p>\n<p style=\"text-align: right;\"><em>Amadou Hamp\u00e2t\u00e9 B\u00e2<\/em><\/p>\n<p>&nbsp;<\/p>\n<p>El Festival de Niamakala tiene como lema \u201cExpresiones africanas y de la tercera di\u00e1spora\u201d. Centrada en expresiones musicales, corporales, pensamientos y percepciones africanas, africanistas y afrodiasp\u00f3ricas, la primera edici\u00f3n de Niamakala busca comprender las interacciones entre las tradiciones orales seculares de la tierra madre y sus hibridaciones en los territorios latinoamericanos contempor\u00e1neos, con la intenci\u00f3n de promover el intercambio de experiencias y la puesta en com\u00fan de conocimientos entre invitados, p\u00fablico participante y artistas, tradicionalistas, maestros, docentes, investigadores, educadoras, educadores, productores y productoras con el fin de crear nuevos imaginarios de cooperaci\u00f3n intercultural, desde y entre \u00c1frica y Abya Yala.<\/p>\n<p>&nbsp;<\/p>\n<p>La programaci\u00f3n del Festival Niamakala comenz\u00f3 con el Niamakala Mapping de circuitos culturales e iniciativas de arte y educaci\u00f3n con referentes africanos en Abya Yala.<\/p>\n<p>&nbsp;<\/p>\n<p>Encuentros en vivo del Festival Niamakala, que consta de 4 d\u00edas con: un encuentro de saberes y tres mesas de intercambio de ideas, en formato LIVE; y presentaciones art\u00edsticas en formato PREMIERE pregrabado. Las mesas de intercambio de ideas contar\u00e1n con el apoyo de VIDICOM y el Centro de Idiomas de la UNED para su transmisi\u00f3n y traducci\u00f3n simult\u00e1nea.<\/p>\n<p>&nbsp;<\/p>\n<p>I Festival Niamakala 2022. edici\u00f3n en l\u00ednea. Del 5 al 8 de octubre en formato virtual y totalmente gratis. Para participar o registrarse en las actividades en vivo contactar: \u200b\u200bfestivalniamakala@gmail.com<\/p>\n<p><a href=\"https:\/\/www.youtube.com\/channel\/UCHjsPgGZOHduiHxcRxMiLbQ?sub_confirmation=1\"><em>https:\/\/www.youtube.com\/channel\/UCHjsPgGZOHduiHxcRxMiLbQ?sub_confirmation=1<\/em><\/a><\/p>\n<p><a href=\"https:\/\/www.facebook.com\/events\/1429108360934677\/?active_tab=discussion\"><em>https:\/\/www.facebook.com\/events\/1429108360934677\/?active_tab=discussion<\/em><\/a><\/p>\n<p><a href=\"https:\/\/www.instagram.com\/festival.niamakala\/\"><em>https:\/\/www.instagram.com\/festival.niamakala\/<\/em><\/a><\/p>\n<p><a href=\"https:\/\/linktr.ee\/festivalniamakala\"><em>https:\/\/linktr.ee\/festivalniamakala<\/em><\/a><\/p>\n","protected":false},"excerpt":{"rendered":"<p>\u00abTodo habla, todo es palabra. Todo quiere comunicarnos alg\u00fan conocimiento.\u00bb Amadou Hamp\u00e2t\u00e9 B\u00e2 &nbsp; El Festival de Niamakala tiene como lema \u201cExpresiones africanas y de la tercera di\u00e1spora\u201d. Centrada en expresiones musicales, corporales, pensamientos y percepciones africanas, africanistas y afrodiasp\u00f3ricas, la primera edici\u00f3n de Niamakala busca comprender las interacciones entre las tradiciones orales seculares de [&hellip;]<\/p>\n","protected":false},"author":1,"featured_media":13462,"comment_status":"closed","ping_status":"closed","sticky":false,"template":"","format":"standard","meta":{"footnotes":""},"categories":[53],"tags":[],"class_list":["post-13461","post","type-post","status-publish","format-standard","has-post-thumbnail","hentry","category-noticias-generales"],"lang":"es","translations":{"es":13461,"pt":13464},"pll_sync_post":[],"post_mailing_queue_ids":[],"_links":{"self":[{"href":"http:\/\/staging.ibermusicas.org\/index.php\/wp-json\/wp\/v2\/posts\/13461","targetHints":{"allow":["GET"]}}],"collection":[{"href":"http:\/\/staging.ibermusicas.org\/index.php\/wp-json\/wp\/v2\/posts"}],"about":[{"href":"http:\/\/staging.ibermusicas.org\/index.php\/wp-json\/wp\/v2\/types\/post"}],"author":[{"embeddable":true,"href":"http:\/\/staging.ibermusicas.org\/index.php\/wp-json\/wp\/v2\/users\/1"}],"replies":[{"embeddable":true,"href":"http:\/\/staging.ibermusicas.org\/index.php\/wp-json\/wp\/v2\/comments?post=13461"}],"version-history":[{"count":1,"href":"http:\/\/staging.ibermusicas.org\/index.php\/wp-json\/wp\/v2\/posts\/13461\/revisions"}],"predecessor-version":[{"id":13463,"href":"http:\/\/staging.ibermusicas.org\/index.php\/wp-json\/wp\/v2\/posts\/13461\/revisions\/13463"}],"wp:featuredmedia":[{"embeddable":true,"href":"http:\/\/staging.ibermusicas.org\/index.php\/wp-json\/wp\/v2\/media\/13462"}],"wp:attachment":[{"href":"http:\/\/staging.ibermusicas.org\/index.php\/wp-json\/wp\/v2\/media?parent=13461"}],"wp:term":[{"taxonomy":"category","embeddable":true,"href":"http:\/\/staging.ibermusicas.org\/index.php\/wp-json\/wp\/v2\/categories?post=13461"},{"taxonomy":"post_tag","embeddable":true,"href":"http:\/\/staging.ibermusicas.org\/index.php\/wp-json\/wp\/v2\/tags?post=13461"}],"curies":[{"name":"wp","href":"https:\/\/api.w.org\/{rel}","templated":true}]}}