{"id":13464,"date":"2022-10-03T11:55:33","date_gmt":"2022-10-03T11:55:33","guid":{"rendered":"http:\/\/staging.ibermusicas.org\/?p=13464"},"modified":"2022-10-31T14:40:10","modified_gmt":"2022-10-31T14:40:10","slug":"do-brasil-chega-a-primeira-edicao-do-festival-niamakala-2022","status":"publish","type":"post","link":"http:\/\/staging.ibermusicas.org\/index.php\/do-brasil-chega-a-primeira-edicao-do-festival-niamakala-2022\/","title":{"rendered":"Do Brasil chega a primeira edi\u00e7\u00e3o do Festival Niamakala 2022"},"content":{"rendered":"<p style=\"text-align: right;\">\u00abTudo fala, tudo \u00e9 uma palavra\u00bb.<\/p>\n<p style=\"text-align: right;\">Tudo quer nos comunicar algum conhecimento.<\/p>\n<p style=\"text-align: right;\"><em>Amadou Hamp\u00e2t\u00e9 B\u00e2<\/em><\/p>\n<p style=\"text-align: right;\"><em>\u00a0<\/em><\/p>\n<p>O Festival Niamakala tem como tema \u201cExpress\u00f5es africanas e da terceira di\u00e1spora\u201d. Centrado em express\u00f5es musicais, corporais, pensamentos e percep\u00e7\u00f5es africanas, africanistas e afro-diasp\u00f3ricas, a primeira edi\u00e7\u00e3o do Niamakala busca compreender as intera\u00e7\u00f5es entre as tradi\u00e7\u00f5es orais seculares da terra m\u00e3e e suas hibrida\u00e7\u00f5es em territ\u00f3rios latino-americanos contempor\u00e2neos, com a inten\u00e7\u00e3o de promover o interc\u00e2mbio de experi\u00eancias e a partilha de conhecimentos entre convidados, o p\u00fablico participante e artistas, tradicionalistas, mestres, mestras, pesquisadoras, pesquisadores, educadoras, educadores, produtoras e produtores com a finalidade de criar novos imagin\u00e1rios de coopera\u00e7\u00e3o transcultural, desde e entre \u00c1frica e Abya Yala.<\/p>\n<p>&nbsp;<\/p>\n<p>A programa\u00e7\u00e3o do Festival Niamakala se iniciou com o Mapeamento Niamakala de circuitos culturais e iniciativas de arte e educa\u00e7\u00e3o com refer\u00eancias africanas em Abya Yala.<\/p>\n<p>&nbsp;<\/p>\n<p>Encontros ao vivo do Festival Niamakala, composto por 4 dias com: um encontro de saberes e treis mesas de trocas de ideias, em formato LIVE; e apresenta\u00e7\u00f5es art\u00edsticas em formato pregrabado PREMIERE. As mesas de troca de ideias contar\u00e3o com o apoio da VIDICOM e o Centro de Idiomas da UNED para a transmiss\u00e3o e com tradu\u00e7\u00f5es simult\u00e2neas.<\/p>\n<p><em><u>\u00a0<\/u><\/em><\/p>\n<p><em>\u00a0<\/em><\/p>\n<p><em>I Festival Niamakala 2022 . edic\u0327a\u0303o online . <\/em><em>5 ao 8 de octubre em formato virtual e totalmente gratuito. Para participar ou fazer inscri\u00e7\u00e3o das atividades ao vivo contactar: festivalniamakala@gmail.com <\/em><\/p>\n<p><a href=\"https:\/\/www.youtube.com\/channel\/UCHjsPgGZOHduiHxcRxMiLbQ?sub_confirmation=1\"><em>https:\/\/www.youtube.com\/channel\/UCHjsPgGZOHduiHxcRxMiLbQ?sub_confirmation=1<\/em><\/a><\/p>\n<p><a href=\"https:\/\/www.facebook.com\/events\/1429108360934677\/?active_tab=discussion\"><em>https:\/\/www.facebook.com\/events\/1429108360934677\/?active_tab=discussion<\/em><\/a><\/p>\n<p><a href=\"https:\/\/www.instagram.com\/festival.niamakala\/\"><em>https:\/\/www.instagram.com\/festival.niamakala\/<\/em><\/a><\/p>\n<p><a href=\"https:\/\/linktr.ee\/festivalniamakala\"><em>https:\/\/linktr.ee\/festivalniamakala<\/em><\/a><\/p>\n","protected":false},"excerpt":{"rendered":"<p>\u00abTudo fala, tudo \u00e9 uma palavra\u00bb. Tudo quer nos comunicar algum conhecimento. Amadou Hamp\u00e2t\u00e9 B\u00e2 \u00a0 O Festival Niamakala tem como tema \u201cExpress\u00f5es africanas e da terceira di\u00e1spora\u201d. Centrado em express\u00f5es musicais, corporais, pensamentos e percep\u00e7\u00f5es africanas, africanistas e afro-diasp\u00f3ricas, a primeira edi\u00e7\u00e3o do Niamakala busca compreender as intera\u00e7\u00f5es entre as tradi\u00e7\u00f5es orais seculares da [&hellip;]<\/p>\n","protected":false},"author":1,"featured_media":13462,"comment_status":"closed","ping_status":"closed","sticky":false,"template":"","format":"standard","meta":{"footnotes":""},"categories":[218],"tags":[],"class_list":["post-13464","post","type-post","status-publish","format-standard","has-post-thumbnail","hentry","category-noticias-generales-pt"],"lang":"pt","translations":{"pt":13464,"es":13461},"pll_sync_post":[],"post_mailing_queue_ids":[],"_links":{"self":[{"href":"http:\/\/staging.ibermusicas.org\/index.php\/wp-json\/wp\/v2\/posts\/13464","targetHints":{"allow":["GET"]}}],"collection":[{"href":"http:\/\/staging.ibermusicas.org\/index.php\/wp-json\/wp\/v2\/posts"}],"about":[{"href":"http:\/\/staging.ibermusicas.org\/index.php\/wp-json\/wp\/v2\/types\/post"}],"author":[{"embeddable":true,"href":"http:\/\/staging.ibermusicas.org\/index.php\/wp-json\/wp\/v2\/users\/1"}],"replies":[{"embeddable":true,"href":"http:\/\/staging.ibermusicas.org\/index.php\/wp-json\/wp\/v2\/comments?post=13464"}],"version-history":[{"count":1,"href":"http:\/\/staging.ibermusicas.org\/index.php\/wp-json\/wp\/v2\/posts\/13464\/revisions"}],"predecessor-version":[{"id":13465,"href":"http:\/\/staging.ibermusicas.org\/index.php\/wp-json\/wp\/v2\/posts\/13464\/revisions\/13465"}],"wp:featuredmedia":[{"embeddable":true,"href":"http:\/\/staging.ibermusicas.org\/index.php\/wp-json\/wp\/v2\/media\/13462"}],"wp:attachment":[{"href":"http:\/\/staging.ibermusicas.org\/index.php\/wp-json\/wp\/v2\/media?parent=13464"}],"wp:term":[{"taxonomy":"category","embeddable":true,"href":"http:\/\/staging.ibermusicas.org\/index.php\/wp-json\/wp\/v2\/categories?post=13464"},{"taxonomy":"post_tag","embeddable":true,"href":"http:\/\/staging.ibermusicas.org\/index.php\/wp-json\/wp\/v2\/tags?post=13464"}],"curies":[{"name":"wp","href":"https:\/\/api.w.org\/{rel}","templated":true}]}}