{"id":13466,"date":"2022-10-03T11:57:38","date_gmt":"2022-10-03T11:57:38","guid":{"rendered":"http:\/\/staging.ibermusicas.org\/?p=13466"},"modified":"2022-10-31T13:57:37","modified_gmt":"2022-10-31T13:57:37","slug":"el-low-frequency-trio-de-mexico-comienza-su-ciclo-de-estrenos-de-obras-especialmente-compuestas-para-el-trio-por-mujeres-compositoras-latinoamericanas","status":"publish","type":"post","link":"http:\/\/staging.ibermusicas.org\/index.php\/el-low-frequency-trio-de-mexico-comienza-su-ciclo-de-estrenos-de-obras-especialmente-compuestas-para-el-trio-por-mujeres-compositoras-latinoamericanas\/","title":{"rendered":"El Low Frequency Trio de M\u00e9xico comienza su ciclo de estrenos de obras especialmente compuestas para el tr\u00edo por mujeres compositoras latinoamericanas"},"content":{"rendered":"<p>Fiel a su naturaleza y objetivos de diseminar la m\u00fasica nueva del siglo XXI, Low Frequency Tr\u00edo ha hecho una cuidadosa curadur\u00eda, convocando a un distinguido grupo de 8 compositoras Latinoamericanas para colaborar conjuntamente en la creaci\u00f3n de obras nuevas para el ensamble.<\/p>\n<p>&nbsp;<\/p>\n<p>Artistas sonoras de Argentina, Bolivia, Colombia, Costa Rica, Ecuador, Per\u00fa, Uruguay, y Venezuela se han lanzado a la b\u00fasqueda de sonidos nunca antes escuchados, de formas de organizaci\u00f3n y transformaci\u00f3n frescas, innovadoras, atrevidas e irreverentes.<\/p>\n<p>&nbsp;<\/p>\n<p>Conformado por Antonio Rosales (clarinete bajo), Juan Jos\u00e9 Garc\u00eda (contrabajo), y Jos\u00e9 Luis Hurtado (piano), Low Frequency Trio es uno de los pocos ensambles en el mundo que toca m\u00fasica que fue exclusivamente escrita para ellos. Sus integrantes mantienen una intensa actividad Internacional en el \u00e1mbito de la m\u00fasica contempor\u00e1nea de concierto y como tr\u00edo se han presentado o realizado residencias en el Centro Mexicano para la M\u00fasica y las Artes Sonoras, Centro de las Artes de San Luis Potos\u00ed, Conservatorio de las Rosas de Morelia, Festival Ecos y Sonidos, Festival Internacional Cervantino, el Museo Universitario de Arte Contempor\u00e1neo MUAC UNAM, y el Palacio de Bellas Artes en M\u00e9xico, en la University of New Mexico en los Estados Unidos, as\u00ed como en la Universidad Nacional de Quilmes y el Conservatorio Manuel de Falla en Argentina.<\/p>\n<p>&nbsp;<\/p>\n<p>Desde su fundaci\u00f3n en el 2016, LF3 ha colaborado con m\u00e1s de 20 compositores en la creaci\u00f3n e interpretaci\u00f3n de obras frescas e innovadoras para esta instrumentaci\u00f3n \u00fanica, cuyo sonido colectivo est\u00e1 a\u00fan por descubrirse y con un repertorio que, hasta hoy, era pr\u00e1cticamente inexistente.<\/p>\n<p>&nbsp;<\/p>\n<p>Cada una de las obras ser\u00e1 estrenada virtualmente los Jueves de Octubre y Noviembre, a las 20:00 hrs de la CdMx, en el canal de Youtube y la p\u00e1gina de Facebook de Low Frequency Trio.<\/p>\n<p>&nbsp;<\/p>\n<p>6 de octubre, 20 hs. Abismo Blanco de Susan Campos Fonseca &#8211; Costa Rica<\/p>\n<p>13 de octubre, 20 hs. Perturbaci\u00f3n de Mizky Bernal Miranda &#8211; Bolivia<\/p>\n<p>20 de octubre, 20 hs. La velocidad del azul de Sof\u00eda Scheps &#8211; Uruguay<\/p>\n<p>27 de octubre, 20 hs. Lit little crystal houses de Mar\u00eda Laura Disandro &#8211; Argentina<\/p>\n<p>3 de Noviembre, 20 hs. Doble de Yoly Rojas &#8211; Venezuela<\/p>\n<p>10 de Noviembre, 20 hs Ra\u00edcesal infinito II de Claudia Sof\u00eda \u00c1lvarez Per\u00fa<\/p>\n<p><a href=\"https:\/\/www.facebook.com\/LowFrequencyTrio\">https:\/\/www.facebook.com\/LowFrequencyTrio<\/a><\/p>\n<p><a href=\"https:\/\/www.youtube.com\/channel\/UCuZALFfY62ezJ-gbGJye3ww\">https:\/\/www.youtube.com\/channel\/UCuZALFfY62ezJ-gbGJye3ww<\/a><\/p>\n","protected":false},"excerpt":{"rendered":"<p>Fiel a su naturaleza y objetivos de diseminar la m\u00fasica nueva del siglo XXI, Low Frequency Tr\u00edo ha hecho una cuidadosa curadur\u00eda, convocando a un distinguido grupo de 8 compositoras Latinoamericanas para colaborar conjuntamente en la creaci\u00f3n de obras nuevas para el ensamble. &nbsp; Artistas sonoras de Argentina, Bolivia, Colombia, Costa Rica, Ecuador, Per\u00fa, Uruguay, [&hellip;]<\/p>\n","protected":false},"author":1,"featured_media":13467,"comment_status":"closed","ping_status":"closed","sticky":false,"template":"","format":"standard","meta":{"footnotes":""},"categories":[53],"tags":[],"class_list":["post-13466","post","type-post","status-publish","format-standard","has-post-thumbnail","hentry","category-noticias-generales"],"lang":"es","translations":{"es":13466,"pt":13469},"pll_sync_post":[],"post_mailing_queue_ids":[],"_links":{"self":[{"href":"http:\/\/staging.ibermusicas.org\/index.php\/wp-json\/wp\/v2\/posts\/13466","targetHints":{"allow":["GET"]}}],"collection":[{"href":"http:\/\/staging.ibermusicas.org\/index.php\/wp-json\/wp\/v2\/posts"}],"about":[{"href":"http:\/\/staging.ibermusicas.org\/index.php\/wp-json\/wp\/v2\/types\/post"}],"author":[{"embeddable":true,"href":"http:\/\/staging.ibermusicas.org\/index.php\/wp-json\/wp\/v2\/users\/1"}],"replies":[{"embeddable":true,"href":"http:\/\/staging.ibermusicas.org\/index.php\/wp-json\/wp\/v2\/comments?post=13466"}],"version-history":[{"count":1,"href":"http:\/\/staging.ibermusicas.org\/index.php\/wp-json\/wp\/v2\/posts\/13466\/revisions"}],"predecessor-version":[{"id":13468,"href":"http:\/\/staging.ibermusicas.org\/index.php\/wp-json\/wp\/v2\/posts\/13466\/revisions\/13468"}],"wp:featuredmedia":[{"embeddable":true,"href":"http:\/\/staging.ibermusicas.org\/index.php\/wp-json\/wp\/v2\/media\/13467"}],"wp:attachment":[{"href":"http:\/\/staging.ibermusicas.org\/index.php\/wp-json\/wp\/v2\/media?parent=13466"}],"wp:term":[{"taxonomy":"category","embeddable":true,"href":"http:\/\/staging.ibermusicas.org\/index.php\/wp-json\/wp\/v2\/categories?post=13466"},{"taxonomy":"post_tag","embeddable":true,"href":"http:\/\/staging.ibermusicas.org\/index.php\/wp-json\/wp\/v2\/tags?post=13466"}],"curies":[{"name":"wp","href":"https:\/\/api.w.org\/{rel}","templated":true}]}}