{"id":13469,"date":"2022-10-03T11:59:46","date_gmt":"2022-10-03T11:59:46","guid":{"rendered":"http:\/\/staging.ibermusicas.org\/?p=13469"},"modified":"2022-10-31T14:40:03","modified_gmt":"2022-10-31T14:40:03","slug":"o-trio-low-frequency-do-mexico-inicia-seu-ciclo-de-estreias-de-obras-especialmente-compostas-para-o-trio-por-compositoras-latino-americanas","status":"publish","type":"post","link":"http:\/\/staging.ibermusicas.org\/index.php\/o-trio-low-frequency-do-mexico-inicia-seu-ciclo-de-estreias-de-obras-especialmente-compostas-para-o-trio-por-compositoras-latino-americanas\/","title":{"rendered":"O Trio Low Frequency do M\u00e9xico inicia seu ciclo de estreias de obras especialmente compostas para o trio por compositoras latino-americanas"},"content":{"rendered":"<p>Fiel \u00e0 sua natureza e objetivos de divulgar a nova m\u00fasica do s\u00e9culo XXI, o Low Frequency Trio fez uma curadoria cuidadosa, convocando um grupo distinto de 8 compositoras latino-americanas para colaborar conjuntamente na cria\u00e7\u00e3o de novas obras para o ensamble.<\/p>\n<p>&nbsp;<\/p>\n<p>Artistas sonoras da Argentina, Bol\u00edvia, Col\u00f4mbia, Costa Rica, Equador, Peru, Uruguai e Venezuela se lan\u00e7aram em busca de sonoridades nunca antes ouvidas, de formas frescas, inovadoras, ousadas e irreverentes de organiza\u00e7\u00e3o e transforma\u00e7\u00e3o.<\/p>\n<p>&nbsp;<\/p>\n<p>Formado por Antonio Rosales (clarinete baixo), Juan Jos\u00e9 Garc\u00eda (contrabaixo) e Jos\u00e9 Luis Hurtado (piano), o Low Frequency Trio \u00e9 um dos poucos ensembles do mundo que toca m\u00fasica que foi escrita exclusivamente para eles. Seus membros mant\u00eam uma intensa atividade internacional no campo da m\u00fasica contempor\u00e2nea de concerto e, como um trio, se apresentaram ou realizaram resid\u00eancias no Centro Mexicano para a M\u00fasica e as Artes Sonoras, Centro de Artes San Luis Potos\u00ed, Conservat\u00f3rio de Las Rosas de Morelia, Festival Ecos y Sonidos, Festival Internacional Cervantino, Museu Universit\u00e1rio de Arte Contempor\u00e2nea MUAC UNAM, Pal\u00e1cio de Belas Artes do M\u00e9xico, Universidade do Novo M\u00e9xico nos Estados Unidos, Universidade Nacional de Quilmes e Museu Manuel de Falla na Argentina.<\/p>\n<p>&nbsp;<\/p>\n<p>Desde a sua funda\u00e7\u00e3o em 2016, o LF3 colaborou com mais de 20 compositores na cria\u00e7\u00e3o e interpreta\u00e7\u00e3o de obras in\u00e9ditas e inovadoras para esta instrumenta\u00e7\u00e3o \u00fanica, cuja sonoridade coletiva ainda est\u00e1 por descobrir e com um repert\u00f3rio que, at\u00e9 hoje, era praticamente desconhecido.<\/p>\n<p>&nbsp;<\/p>\n<p>Cada uma das obras ser\u00e1 estreada virtualmente \u00e0s quintas-feiras de outubro e novembro, \u00e0s 20h CdMx, no canal do Low Frequency Trio no YouTube e na p\u00e1gina do Facebook.<\/p>\n<p>&nbsp;<\/p>\n<p>&nbsp;<\/p>\n<p>6 de outubro, 20h Abyss White por Susan Campos Fonseca &#8211; Costa Rica<\/p>\n<p>13 de outubro, 20h Disrup\u00e7\u00e3o por Mizky Bernal Miranda &#8211; Bol\u00edvia<\/p>\n<p>20 de outubro, 20:00 A Velocidade do Azul de Sof\u00eda Scheps &#8211; Uruguay<\/p>\n<p>27 de outubro, 20h Casinhas de cristal iluminadas por Mar\u00eda Laura Disandro &#8211; Argentina<\/p>\n<p>3 de novembro, 20h Double by Yoly Rojas &#8211; Venezuela<\/p>\n<p>10 de novembro, 20:00 Infinite Roots II por Claudia Sof\u00eda \u00c1lvarez Peru<\/p>\n<p><a href=\"https:\/\/www.facebook.com\/LowFrequencyTrio\">https:\/\/www.facebook.com\/LowFrequencyTrio<\/a><\/p>\n<p><a href=\"https:\/\/www.youtube.com\/channel\/UCuZALFfY62ezJ-gbGJye3ww\">https:\/\/www.youtube.com\/channel\/UCuZALFfY62ezJ-gbGJye3ww<\/a><\/p>\n","protected":false},"excerpt":{"rendered":"<p>Fiel \u00e0 sua natureza e objetivos de divulgar a nova m\u00fasica do s\u00e9culo XXI, o Low Frequency Trio fez uma curadoria cuidadosa, convocando um grupo distinto de 8 compositoras latino-americanas para colaborar conjuntamente na cria\u00e7\u00e3o de novas obras para o ensamble. &nbsp; Artistas sonoras da Argentina, Bol\u00edvia, Col\u00f4mbia, Costa Rica, Equador, Peru, Uruguai e Venezuela [&hellip;]<\/p>\n","protected":false},"author":1,"featured_media":13467,"comment_status":"closed","ping_status":"closed","sticky":false,"template":"","format":"standard","meta":{"footnotes":""},"categories":[218],"tags":[],"class_list":["post-13469","post","type-post","status-publish","format-standard","has-post-thumbnail","hentry","category-noticias-generales-pt"],"lang":"pt","translations":{"pt":13469,"es":13466},"pll_sync_post":[],"post_mailing_queue_ids":[],"_links":{"self":[{"href":"http:\/\/staging.ibermusicas.org\/index.php\/wp-json\/wp\/v2\/posts\/13469","targetHints":{"allow":["GET"]}}],"collection":[{"href":"http:\/\/staging.ibermusicas.org\/index.php\/wp-json\/wp\/v2\/posts"}],"about":[{"href":"http:\/\/staging.ibermusicas.org\/index.php\/wp-json\/wp\/v2\/types\/post"}],"author":[{"embeddable":true,"href":"http:\/\/staging.ibermusicas.org\/index.php\/wp-json\/wp\/v2\/users\/1"}],"replies":[{"embeddable":true,"href":"http:\/\/staging.ibermusicas.org\/index.php\/wp-json\/wp\/v2\/comments?post=13469"}],"version-history":[{"count":1,"href":"http:\/\/staging.ibermusicas.org\/index.php\/wp-json\/wp\/v2\/posts\/13469\/revisions"}],"predecessor-version":[{"id":13470,"href":"http:\/\/staging.ibermusicas.org\/index.php\/wp-json\/wp\/v2\/posts\/13469\/revisions\/13470"}],"wp:featuredmedia":[{"embeddable":true,"href":"http:\/\/staging.ibermusicas.org\/index.php\/wp-json\/wp\/v2\/media\/13467"}],"wp:attachment":[{"href":"http:\/\/staging.ibermusicas.org\/index.php\/wp-json\/wp\/v2\/media?parent=13469"}],"wp:term":[{"taxonomy":"category","embeddable":true,"href":"http:\/\/staging.ibermusicas.org\/index.php\/wp-json\/wp\/v2\/categories?post=13469"},{"taxonomy":"post_tag","embeddable":true,"href":"http:\/\/staging.ibermusicas.org\/index.php\/wp-json\/wp\/v2\/tags?post=13469"}],"curies":[{"name":"wp","href":"https:\/\/api.w.org\/{rel}","templated":true}]}}