{"id":13474,"date":"2022-10-03T12:10:24","date_gmt":"2022-10-03T12:10:24","guid":{"rendered":"http:\/\/staging.ibermusicas.org\/?p=13474"},"modified":"2022-10-31T14:39:55","modified_gmt":"2022-10-31T14:39:55","slug":"residencia-artistica-parrandeando-con-guilas-para-la-investigacion-y-transcripcion-del-repertorio-infantil-del-cancionero-tradicional-anonimo-de-guanacaste-vol-iii-2","status":"publish","type":"post","link":"http:\/\/staging.ibermusicas.org\/index.php\/residencia-artistica-parrandeando-con-guilas-para-la-investigacion-y-transcripcion-del-repertorio-infantil-del-cancionero-tradicional-anonimo-de-guanacaste-vol-iii-2\/","title":{"rendered":"Resid\u00eancia art\u00edstica Parrandeando con G\u00fcilas para a pesquisa e transcri\u00e7\u00e3o do repert\u00f3rio infantil do Cancioneiro Tradicional An\u00f4nimo de Guanacaste Vol. III"},"content":{"rendered":"<p>Este encontro prop\u00f5e um processo de cria\u00e7\u00e3o de partituras e pesquisa sonora, no marco da resid\u00eancia art\u00edstica virtual de Ernesto Anaya do M\u00e9xico e Guadalupe Urbina da Costa Rica, para a transcri\u00e7\u00e3o de partituras do repert\u00f3rio infantil do projeto Vol. III Cancioneiro Tradicional An\u00f4nimo de Guanacaste Parrandeando con G\u00fcilas.<\/p>\n<p><em>\u201cTenho um acervo de 32 rodas e m\u00fasicas, h\u00e1 muito mais no repert\u00f3rio tradicional, que ainda n\u00e3o consegui sistematizar. Meu maior desejo \u00e9 que surjam pessoas e projetos que possam tornar esse legado vis\u00edvel. Na verdade, meu objetivo n\u00e3o era especificamente coletar can\u00e7\u00f5es infantis da tradi\u00e7\u00e3o oral, mas elas vinham sozinhas, de um grande repert\u00f3rio coletado entre idosos, meninos e meninas\u201d. Guadalupe Urbina. <\/em><\/p>\n<p>Guadalupe Urbina convidou o professor, cantor, compositor, arranjador e produtor mexicano Ernesto Anaya para transcrever as partituras. Ernesto Anaya e Guadalupe Urbina vivem nos dois pontos extremos da Mesoam\u00e9rica. Culturalmente, todo o istmo centro-americano tem um denominador comum; o cultivo, colheita e beneficiamento do milho e os processos de coloniza\u00e7\u00e3o e neocoloniza\u00e7\u00e3o. Em torno deles, as culturas rurais comunais floresceram e continuam a florescer. Guanacaste \u00e9 a fronteira sul da Mesoam\u00e9rica. Quando Guadalupe Urbina ouviu os sones huastecos executados por Ernesto Anaya, ficou impressionada com a semelhan\u00e7a que os sones huastecos e jarochos tinham com as parranderas de sua prov\u00edncia. \u00c9 por isso que ele pensou que era a pessoa perfeita para estabelecer essa ponte.<\/p>\n<p>Guadalupe Urbina \u00e9 gestora cultural, cantora, compositora, escritora e pesquisadora da Costa Rica. Sua criatividade musical, liter\u00e1ria, visual e a profundidade de seus pensamentos viajaram com ela pelo mundo, desde 1987 ela se apresentou em muitos lugares, tanto na Am\u00e9rica Latina quanto na Europa e \u00c1frica. Participou de eventos culturais em v\u00e1rios pa\u00edses das Am\u00e9ricas como El Salvador, Guatemala, M\u00e9xico, Canad\u00e1, Col\u00f4mbia, Costa Rica, Senegal e Mali na \u00c1frica e viajou por quase toda a Europa. As can\u00e7\u00f5es de Guadalupe s\u00e3o inspiradas em suas ra\u00edzes culturais, experi\u00eancias de vida e mem\u00f3rias de sua inf\u00e2ncia na prov\u00edncia de Guanacaste. Em 1988 ele se apresentou no Est\u00e1dio Nacional da Costa Rica, junto com Bruce Springsteen, Sting, Tracy Chapman, Peter Gabriel e Youssou N&#8217;Dour. Em 1994 recebeu o Pr\u00e9mio Gaviota no C\u00edrculo de Bellas Artes de Madrid pelo seu trabalho de narra\u00e7\u00e3o oral e em 1995 a Radio France atribuiu-lhe o Pr\u00e9mio Am\u00e9rica dos Descobrimentos, pr\u00e9mio que recebeu no Senegal de m\u00e3os de Youssou N&#8217;Dour e onde se apresentou novamente ao lado de ele e Lokua Kanza. Em 2019 recebeu o pr\u00e9mio mais importante da Associa\u00e7\u00e3o de Autores e Compositores Musicais (ACAM), o pr\u00e9mio Reca Mora.<\/p>\n<p>Ernesto Anaya \u00e9 int\u00e9rprete de mais de trinta instrumentos de cordas, sopro e percuss\u00e3o, incluindo viol\u00e3o, violino, viola e jarana. Dedicado principalmente \u00e0 m\u00fasica mexicana e latino-americana, Anaya estudou composi\u00e7\u00e3o na Escola Nacional de M\u00fasica da UNAM. Estudou viola e violino com os professores Ulises G\u00f3mez, Piotr Vodopianov e Javier Montiel na Escola de Aperfei\u00e7oamento Art\u00edstico Oll\u00edn Yoliztli. Estudou canto com o professor Manuel Pe\u00f1a. Ao longo de sua carreira, colaborou com v\u00e1rios artistas e grupos como Los Folkloristas, Orquesta T\u00edpica de la Ciudad de M\u00e9xico, Armando Manzanero, Luis Eduardo Aute, Ana Torroja, Aleks Syntek, Shakira, Amparo Ochoa, Tania Libertad, Lila Downs, Omara Portuondo e Guadalupe Urbina. Foi diretor musical do projeto \u00abMusas\u00bb ao vivo de Natalia Lafourcade, entre outros.<\/p>\n<p>&nbsp;<\/p>\n<p>12 de outubro, 12h<\/p>\n<p><a href=\"https:\/\/www.youtube.com\/channel\/UCjHFnCRJ1DGHmgqDKSQTqOQ\/videos?sub_confirmation=1\">https:\/\/www.youtube.com\/channel\/UCjHFnCRJ1DGHmgqDKSQTqOQ\/videos?sub_confirmation=1<\/a><\/p>\n","protected":false},"excerpt":{"rendered":"<p>Este encontro prop\u00f5e um processo de cria\u00e7\u00e3o de partituras e pesquisa sonora, no marco da resid\u00eancia art\u00edstica virtual de Ernesto Anaya do M\u00e9xico e Guadalupe Urbina da Costa Rica, para a transcri\u00e7\u00e3o de partituras do repert\u00f3rio infantil do projeto Vol. III Cancioneiro Tradicional An\u00f4nimo de Guanacaste Parrandeando con G\u00fcilas. \u201cTenho um acervo de 32 rodas [&hellip;]<\/p>\n","protected":false},"author":1,"featured_media":13472,"comment_status":"closed","ping_status":"closed","sticky":false,"template":"","format":"standard","meta":{"footnotes":""},"categories":[218],"tags":[],"class_list":["post-13474","post","type-post","status-publish","format-standard","has-post-thumbnail","hentry","category-noticias-generales-pt"],"lang":"pt","translations":{"pt":13474,"es":13471},"pll_sync_post":[],"post_mailing_queue_ids":[],"_links":{"self":[{"href":"http:\/\/staging.ibermusicas.org\/index.php\/wp-json\/wp\/v2\/posts\/13474","targetHints":{"allow":["GET"]}}],"collection":[{"href":"http:\/\/staging.ibermusicas.org\/index.php\/wp-json\/wp\/v2\/posts"}],"about":[{"href":"http:\/\/staging.ibermusicas.org\/index.php\/wp-json\/wp\/v2\/types\/post"}],"author":[{"embeddable":true,"href":"http:\/\/staging.ibermusicas.org\/index.php\/wp-json\/wp\/v2\/users\/1"}],"replies":[{"embeddable":true,"href":"http:\/\/staging.ibermusicas.org\/index.php\/wp-json\/wp\/v2\/comments?post=13474"}],"version-history":[{"count":3,"href":"http:\/\/staging.ibermusicas.org\/index.php\/wp-json\/wp\/v2\/posts\/13474\/revisions"}],"predecessor-version":[{"id":13477,"href":"http:\/\/staging.ibermusicas.org\/index.php\/wp-json\/wp\/v2\/posts\/13474\/revisions\/13477"}],"wp:featuredmedia":[{"embeddable":true,"href":"http:\/\/staging.ibermusicas.org\/index.php\/wp-json\/wp\/v2\/media\/13472"}],"wp:attachment":[{"href":"http:\/\/staging.ibermusicas.org\/index.php\/wp-json\/wp\/v2\/media?parent=13474"}],"wp:term":[{"taxonomy":"category","embeddable":true,"href":"http:\/\/staging.ibermusicas.org\/index.php\/wp-json\/wp\/v2\/categories?post=13474"},{"taxonomy":"post_tag","embeddable":true,"href":"http:\/\/staging.ibermusicas.org\/index.php\/wp-json\/wp\/v2\/tags?post=13474"}],"curies":[{"name":"wp","href":"https:\/\/api.w.org\/{rel}","templated":true}]}}