{"id":13481,"date":"2022-10-03T12:15:56","date_gmt":"2022-10-03T12:15:56","guid":{"rendered":"http:\/\/staging.ibermusicas.org\/?p=13481"},"modified":"2022-10-31T14:39:49","modified_gmt":"2022-10-31T14:39:49","slug":"o-origami-music-fest-do-uruguay-se-prepara-para-realizar-uma-nova-edicao","status":"publish","type":"post","link":"http:\/\/staging.ibermusicas.org\/index.php\/o-origami-music-fest-do-uruguay-se-prepara-para-realizar-uma-nova-edicao\/","title":{"rendered":"O Origami Music Fest do Uruguay se prepara para realizar uma nova edi\u00e7\u00e3o"},"content":{"rendered":"<p>Origami \u00e9 um festival independente, mutante e itinerante, com programa\u00e7\u00e3o nacional e internacional, que prioriza o emergente com uma concep\u00e7\u00e3o popular e inclusiva da cena musical. O seu objetivo \u00e9 ser uma refer\u00eancia na regi\u00e3o sul do continente, uma ponte cultural e um agente de mudan\u00e7a.<\/p>\n<p>&nbsp;<\/p>\n<p>Entre os dias 13 e 16 de outubro ser\u00e1 realizada em Montevid\u00e9u a 5\u00aa edi\u00e7\u00e3o do festival. Nesta oportunidade com uma grade composta majoritariamente por artistas estrangeiros do MERCOSUL. Esta edi\u00e7\u00e3o internacional oferece uma proposta conceitual atrativa e inovadora: um variado line-up composto por 12 projetos musicais com artistas de tr\u00eas pa\u00edses (6 da Argentina, 3 do Uruguai e 3 do Brasil), al\u00e9m de DJs locais, que se apresentar\u00e3o ao vivo, em formato solo set, gerando assim uma proximidade quase \u201c\u00edntima\u201d entre o p\u00fablico e os artistas.<\/p>\n<p>A sede e palco central do Festival \u00e9 a prestigiosa Sala Camacu\u00e1, em Montevid\u00e9u. L\u00e1, o Festival oferecer\u00e1, durante tr\u00eas dias consecutivos, uma variedade de espet\u00e1culos de alto n\u00edvel com ingressos populares. Al\u00e9m disso, haver\u00e1 shows de seus artistas em diversos espa\u00e7os alternativos da cidade, al\u00e9m de festas ao som de DJs nacionais. O Festival tamb\u00e9m estar\u00e1 programando diversas atividades alternativas gratuitas: mesas de encontro e di\u00e1logo, e palestras de forma\u00e7\u00e3o para artistas e outros agentes musicais.<\/p>\n<p>&nbsp;<\/p>\n<p>O Origami Music Fest nasceu em 2018 em Montevid\u00e9u, Uruguai onde foram apresentados excelentes artistas, solistas e bandas, do Uruguai, Argentina e Brasil.<\/p>\n<p>&nbsp;<\/p>\n<p>13, 14 e 15 de outubro<\/p>\n<p><a href=\"https:\/\/origamigestioncultural.webnode.es\/\">ttps:\/\/origamigestioncultural.webnode.es\/<\/a><\/p>\n<p><a href=\"https:\/\/www.instagram.com\/origamicultura\/\">https:\/\/www.instagram.com\/origamicultura\/<\/a><\/p>\n<p>@origamimusicfest<\/p>\n","protected":false},"excerpt":{"rendered":"<p>Origami \u00e9 um festival independente, mutante e itinerante, com programa\u00e7\u00e3o nacional e internacional, que prioriza o emergente com uma concep\u00e7\u00e3o popular e inclusiva da cena musical. O seu objetivo \u00e9 ser uma refer\u00eancia na regi\u00e3o sul do continente, uma ponte cultural e um agente de mudan\u00e7a. &nbsp; Entre os dias 13 e 16 de outubro [&hellip;]<\/p>\n","protected":false},"author":1,"featured_media":13479,"comment_status":"closed","ping_status":"closed","sticky":false,"template":"","format":"standard","meta":{"footnotes":""},"categories":[218],"tags":[],"class_list":["post-13481","post","type-post","status-publish","format-standard","has-post-thumbnail","hentry","category-noticias-generales-pt"],"lang":"pt","translations":{"pt":13481,"es":13478},"pll_sync_post":[],"post_mailing_queue_ids":[],"_links":{"self":[{"href":"http:\/\/staging.ibermusicas.org\/index.php\/wp-json\/wp\/v2\/posts\/13481","targetHints":{"allow":["GET"]}}],"collection":[{"href":"http:\/\/staging.ibermusicas.org\/index.php\/wp-json\/wp\/v2\/posts"}],"about":[{"href":"http:\/\/staging.ibermusicas.org\/index.php\/wp-json\/wp\/v2\/types\/post"}],"author":[{"embeddable":true,"href":"http:\/\/staging.ibermusicas.org\/index.php\/wp-json\/wp\/v2\/users\/1"}],"replies":[{"embeddable":true,"href":"http:\/\/staging.ibermusicas.org\/index.php\/wp-json\/wp\/v2\/comments?post=13481"}],"version-history":[{"count":1,"href":"http:\/\/staging.ibermusicas.org\/index.php\/wp-json\/wp\/v2\/posts\/13481\/revisions"}],"predecessor-version":[{"id":13482,"href":"http:\/\/staging.ibermusicas.org\/index.php\/wp-json\/wp\/v2\/posts\/13481\/revisions\/13482"}],"wp:featuredmedia":[{"embeddable":true,"href":"http:\/\/staging.ibermusicas.org\/index.php\/wp-json\/wp\/v2\/media\/13479"}],"wp:attachment":[{"href":"http:\/\/staging.ibermusicas.org\/index.php\/wp-json\/wp\/v2\/media?parent=13481"}],"wp:term":[{"taxonomy":"category","embeddable":true,"href":"http:\/\/staging.ibermusicas.org\/index.php\/wp-json\/wp\/v2\/categories?post=13481"},{"taxonomy":"post_tag","embeddable":true,"href":"http:\/\/staging.ibermusicas.org\/index.php\/wp-json\/wp\/v2\/tags?post=13481"}],"curies":[{"name":"wp","href":"https:\/\/api.w.org\/{rel}","templated":true}]}}