{"id":13486,"date":"2022-10-03T12:30:03","date_gmt":"2022-10-03T12:30:03","guid":{"rendered":"http:\/\/staging.ibermusicas.org\/?p=13486"},"modified":"2022-10-03T12:30:03","modified_gmt":"2022-10-03T12:30:03","slug":"o-bandoneonista-argentino-ivan-gutierrez-cachullani-lanca-sua-obra-o-livro-de-acordes-para-bandoneon","status":"publish","type":"post","link":"http:\/\/staging.ibermusicas.org\/index.php\/o-bandoneonista-argentino-ivan-gutierrez-cachullani-lanca-sua-obra-o-livro-de-acordes-para-bandoneon\/","title":{"rendered":"O bandoneonista argentino Iv\u00e1n Gutierrez Cachullani lan\u00e7a sua obra \u00abO Livro de Acordes para bandoneon\u00bb"},"content":{"rendered":"<p>O trabalho de Iv\u00e1n Gutierrez Cachullani pretende colocar \u00e0 disposi\u00e7\u00e3o do aluno e do bandoneonista ferramentas padronizadas e organizadas, pr\u00e1ticas de dedilhado e posi\u00e7\u00e3o dos acordes mais utilizados levando em considera\u00e7\u00e3o os crit\u00e9rios de uso, conforto e equil\u00edbrio sonoro, facilitando e acelerando o processo. de aprendizado e evitando assim o longo e tedioso processo de \u201cinventar a roda repetidas vezes\u201d.<\/p>\n<p>&nbsp;<\/p>\n<p>A primeira abordagem musical da maioria das pessoas ao viol\u00e3o ou ao piano &#8211; s\u00f3 para citar dois instrumentos conhecidos &#8211; \u00e9 caracterizada pelo uso de gr\u00e1ficos conhecidos que facilitam ao aluno tocar acordes e melodias de forma idiom\u00e1tica para cada instrumento sem a necessidade de conhecimentos te\u00f3ricos musicais pr\u00e9vios. Essas ferramentas gr\u00e1ficas n\u00e3o apenas protegem, aproveitam e transmitem o conhecimento emp\u00edrico da hist\u00f3ria do uso de cada instrumento, mas tamb\u00e9m s\u00e3o a raz\u00e3o fundamental pela qual pessoas sem conhecimento pr\u00e9vio de teoria musical (a maioria das pessoas) podem tocar um instrumento e ter uma abordagem amig\u00e1vel com ele em primeira inst\u00e2ncia.<\/p>\n<p>&nbsp;<\/p>\n<p>Iv\u00e1n Guti\u00e9rrez Cachullani \u00e9 formado em Composi\u00e7\u00e3o e professor de bandoneon. Seu primeiro livro \u201cBandone\u00f3n para compositores: ac\u00fastica, organologia e escrita idiom\u00e1tica\u201d teve um impacto muito positivo na comunidade musical, pois mais do que atingiu o objetivo de promover a composi\u00e7\u00e3o para bandone\u00f3n e instruir a comunidade amadora em um instrumento de identidade argentina. Este novo livro ser\u00e1 apresentado na Escuela Superior de M\u00fasica de Salta, Argentina.<\/p>\n<p>&nbsp;<\/p>\n<p>15 de outubro<\/p>\n<p><a href=\"https:\/\/ivangutierrezcachullani.com\/en\/\">https:\/\/ivangutierrezcachullani.com\/en\/<\/a><\/p>\n<p><a href=\"https:\/\/www.facebook.com\/Ivan-Gutierrez-Cachullani-2024177487649938\">https:\/\/www.facebook.com\/Ivan-Gutierrez-Cachullani-2024177487649938<\/a><\/p>\n","protected":false},"excerpt":{"rendered":"<p>O trabalho de Iv\u00e1n Gutierrez Cachullani pretende colocar \u00e0 disposi\u00e7\u00e3o do aluno e do bandoneonista ferramentas padronizadas e organizadas, pr\u00e1ticas de dedilhado e posi\u00e7\u00e3o dos acordes mais utilizados levando em considera\u00e7\u00e3o os crit\u00e9rios de uso, conforto e equil\u00edbrio sonoro, facilitando e acelerando o processo. de aprendizado e evitando assim o longo e tedioso processo de [&hellip;]<\/p>\n","protected":false},"author":1,"featured_media":13484,"comment_status":"closed","ping_status":"closed","sticky":false,"template":"","format":"standard","meta":{"footnotes":""},"categories":[218],"tags":[],"class_list":["post-13486","post","type-post","status-publish","format-standard","has-post-thumbnail","hentry","category-noticias-generales-pt"],"lang":"pt","translations":{"pt":13486,"es":13483},"pll_sync_post":[],"post_mailing_queue_ids":[],"_links":{"self":[{"href":"http:\/\/staging.ibermusicas.org\/index.php\/wp-json\/wp\/v2\/posts\/13486","targetHints":{"allow":["GET"]}}],"collection":[{"href":"http:\/\/staging.ibermusicas.org\/index.php\/wp-json\/wp\/v2\/posts"}],"about":[{"href":"http:\/\/staging.ibermusicas.org\/index.php\/wp-json\/wp\/v2\/types\/post"}],"author":[{"embeddable":true,"href":"http:\/\/staging.ibermusicas.org\/index.php\/wp-json\/wp\/v2\/users\/1"}],"replies":[{"embeddable":true,"href":"http:\/\/staging.ibermusicas.org\/index.php\/wp-json\/wp\/v2\/comments?post=13486"}],"version-history":[{"count":1,"href":"http:\/\/staging.ibermusicas.org\/index.php\/wp-json\/wp\/v2\/posts\/13486\/revisions"}],"predecessor-version":[{"id":13487,"href":"http:\/\/staging.ibermusicas.org\/index.php\/wp-json\/wp\/v2\/posts\/13486\/revisions\/13487"}],"wp:featuredmedia":[{"embeddable":true,"href":"http:\/\/staging.ibermusicas.org\/index.php\/wp-json\/wp\/v2\/media\/13484"}],"wp:attachment":[{"href":"http:\/\/staging.ibermusicas.org\/index.php\/wp-json\/wp\/v2\/media?parent=13486"}],"wp:term":[{"taxonomy":"category","embeddable":true,"href":"http:\/\/staging.ibermusicas.org\/index.php\/wp-json\/wp\/v2\/categories?post=13486"},{"taxonomy":"post_tag","embeddable":true,"href":"http:\/\/staging.ibermusicas.org\/index.php\/wp-json\/wp\/v2\/tags?post=13486"}],"curies":[{"name":"wp","href":"https:\/\/api.w.org\/{rel}","templated":true}]}}