{"id":13491,"date":"2022-10-03T12:36:26","date_gmt":"2022-10-03T12:36:26","guid":{"rendered":"http:\/\/staging.ibermusicas.org\/?p=13491"},"modified":"2022-10-31T14:39:41","modified_gmt":"2022-10-31T14:39:41","slug":"selma-uamusse-mocambique-portugal-e-a-foli-grio-orquestra-brasil-convidam-ao-lancamento-do-single-ngoma-em-formato-digital","status":"publish","type":"post","link":"http:\/\/staging.ibermusicas.org\/index.php\/selma-uamusse-mocambique-portugal-e-a-foli-grio-orquestra-brasil-convidam-ao-lancamento-do-single-ngoma-em-formato-digital\/","title":{"rendered":"Selma Uamusse (Mo\u00e7ambique\/Portugal) e a Foli Gri\u00f4 Orquestra (Brasil) convidam ao lan\u00e7amento do single Ngoma em formato digital"},"content":{"rendered":"<p>\u00abNgoma\u00bb significa tambor nas l\u00ednguas africanas Bantu, que \u00e9 a familia de instrumentos sagrados homenageados nesse encontro internacional lus\u00f3fono entre Selma Uamusse (Mo\u00e7ambique\/Portugal) e a Foli Gri\u00f4 Orquestra (Brasil). Ambos artistas tem pesquisas com os ritmos tradicionais de seus pa\u00edses e a combina\u00e7\u00e3o desses conhecimentos gerou esse potente e dan\u00e7ante resultado, que fala sobre celebra\u00e7\u00e3o. A letra tem inspira\u00e7\u00e3o no poema \u00abQuero ser Tambor\u00bb de Jos\u00e9 Craveirinha (Mo\u00e7ambique).<\/p>\n<p>&nbsp;<\/p>\n<p>Selma Uamusse \u00e9 uma cantora mo\u00e7ambicana nascida em 1981, que vive em Portugal desde 1988. Canta profissionalmente desde a adolesc\u00eancia, tendo uma carreira musical muito diversificada. Uamusse explora as ra\u00edzes do seu pa\u00eds de origem, utilizando ritmos e letras mo\u00e7ambicanas em l\u00ednguas nativas e\u00a0 instrumentos tradicionais como a timbila e a mbira, combinando tudo com timbres eletr\u00f4nicos e outras refer\u00eancias que espelham as suas diversas influ\u00eancias.<\/p>\n<p>&nbsp;<\/p>\n<p>A Foli Gri\u00f4 Orquestra \u00e9 um grupo musical do Rio de Janeiro que surgiu em 2015. O grupo \u00e9 composto por 10 m\u00fasicos e explora a integra\u00e7\u00e3o de ritmos tradicionais brasileiros (como o Maracatu de Baque Virado, o Boi, o Jongo, o Candombl\u00e9 ) com o Afrobeat nigeriano. O primeiro \u00e1lbum do grupo, Ajo, contou com a participa\u00e7\u00e3o de Lenine e foi indicado ao Grammy Latino de 2019 na categoria de Melhor \u00c1lbum de M\u00fasica de Ra\u00edzes em L\u00edngua Portuguesa.<\/p>\n<p>&nbsp;<\/p>\n<p>15 Outubro 2022 em <a href=\"https:\/\/open.spotify.com\/artist\/5LzjkRAGnEbfmZkt2CAiNl\">https:\/\/open.spotify.com\/artist\/5LzjkRAGnEbfmZkt2CAiNl<\/a><\/p>\n","protected":false},"excerpt":{"rendered":"<p>\u00abNgoma\u00bb significa tambor nas l\u00ednguas africanas Bantu, que \u00e9 a familia de instrumentos sagrados homenageados nesse encontro internacional lus\u00f3fono entre Selma Uamusse (Mo\u00e7ambique\/Portugal) e a Foli Gri\u00f4 Orquestra (Brasil). Ambos artistas tem pesquisas com os ritmos tradicionais de seus pa\u00edses e a combina\u00e7\u00e3o desses conhecimentos gerou esse potente e dan\u00e7ante resultado, que fala sobre celebra\u00e7\u00e3o. [&hellip;]<\/p>\n","protected":false},"author":1,"featured_media":13489,"comment_status":"closed","ping_status":"closed","sticky":false,"template":"","format":"standard","meta":{"footnotes":""},"categories":[218],"tags":[],"class_list":["post-13491","post","type-post","status-publish","format-standard","has-post-thumbnail","hentry","category-noticias-generales-pt"],"lang":"pt","translations":{"pt":13491,"es":13488},"pll_sync_post":[],"post_mailing_queue_ids":[],"_links":{"self":[{"href":"http:\/\/staging.ibermusicas.org\/index.php\/wp-json\/wp\/v2\/posts\/13491","targetHints":{"allow":["GET"]}}],"collection":[{"href":"http:\/\/staging.ibermusicas.org\/index.php\/wp-json\/wp\/v2\/posts"}],"about":[{"href":"http:\/\/staging.ibermusicas.org\/index.php\/wp-json\/wp\/v2\/types\/post"}],"author":[{"embeddable":true,"href":"http:\/\/staging.ibermusicas.org\/index.php\/wp-json\/wp\/v2\/users\/1"}],"replies":[{"embeddable":true,"href":"http:\/\/staging.ibermusicas.org\/index.php\/wp-json\/wp\/v2\/comments?post=13491"}],"version-history":[{"count":1,"href":"http:\/\/staging.ibermusicas.org\/index.php\/wp-json\/wp\/v2\/posts\/13491\/revisions"}],"predecessor-version":[{"id":13492,"href":"http:\/\/staging.ibermusicas.org\/index.php\/wp-json\/wp\/v2\/posts\/13491\/revisions\/13492"}],"wp:featuredmedia":[{"embeddable":true,"href":"http:\/\/staging.ibermusicas.org\/index.php\/wp-json\/wp\/v2\/media\/13489"}],"wp:attachment":[{"href":"http:\/\/staging.ibermusicas.org\/index.php\/wp-json\/wp\/v2\/media?parent=13491"}],"wp:term":[{"taxonomy":"category","embeddable":true,"href":"http:\/\/staging.ibermusicas.org\/index.php\/wp-json\/wp\/v2\/categories?post=13491"},{"taxonomy":"post_tag","embeddable":true,"href":"http:\/\/staging.ibermusicas.org\/index.php\/wp-json\/wp\/v2\/tags?post=13491"}],"curies":[{"name":"wp","href":"https:\/\/api.w.org\/{rel}","templated":true}]}}