{"id":13501,"date":"2022-10-03T12:47:18","date_gmt":"2022-10-03T12:47:18","guid":{"rendered":"http:\/\/staging.ibermusicas.org\/?p=13501"},"modified":"2022-10-03T12:47:18","modified_gmt":"2022-10-03T12:47:18","slug":"o-grupo-argentino-amor-elefante-se-apresentara-no-festival-mfest-no-chile","status":"publish","type":"post","link":"http:\/\/staging.ibermusicas.org\/index.php\/o-grupo-argentino-amor-elefante-se-apresentara-no-festival-mfest-no-chile\/","title":{"rendered":"O grupo argentino Amor Elefante se apresentar\u00e1 no festival MFEST no Chile"},"content":{"rendered":"<p>As can\u00e7\u00f5es de Amor Elefante exploram a m\u00fasica pop atrav\u00e9s de v\u00e1rios g\u00eaneros e universos sonoros. Em suas composi\u00e7\u00f5es, harmonias vocais delicadas convivem com guitarras expressivas, baterias mel\u00f3dicas, ritmos folcl\u00f3ricos, paisagens caribenhas e um romance incipiente com o eletro-pop.<\/p>\n<p>&nbsp;<\/p>\n<p>Amor Elefante \u00e9 um grupo formado no bairro de Banfield (Buenos Aires) em 2009 por Roc\u00edo Bernardiner (voz, viol\u00e3o), Roc\u00edo Fern\u00e1ndez (voz, bateria) e In\u00e9s Copertino (voz, teclados). Em 2013, Andr\u00e9s Merlo (baixo) juntou-se \u00e0 banda e consolidaram seu formato atual.<\/p>\n<p>&nbsp;<\/p>\n<p>Ao longo de sua carreira, lan\u00e7aram dois EPs e quatro \u00e1lbuns de est\u00fadio. Excursionaram pela Europa, Chile e Argentina, passando pelos principais palcos de Buenos Aires como Niceto, La Tangente, CCK, CCR e Tecn\u00f3polis.<\/p>\n<p>&nbsp;<\/p>\n<p>Atualmente, Amor Elefante est\u00e1 trabalhando em seu pr\u00f3ximo material discogr\u00e1fico e encerrar\u00e1 2022 com uma apresenta\u00e7\u00e3o no festival Primavera Sound Buenos Aires, .<\/p>\n<p>&nbsp;<\/p>\n<p>S\u00e1bado, 15 de outubro, \u00e0s 20h. em MFEST, Matucana 100, Santiago, Esta\u00e7\u00e3o Central, Santiago, Chile<\/p>\n","protected":false},"excerpt":{"rendered":"<p>As can\u00e7\u00f5es de Amor Elefante exploram a m\u00fasica pop atrav\u00e9s de v\u00e1rios g\u00eaneros e universos sonoros. Em suas composi\u00e7\u00f5es, harmonias vocais delicadas convivem com guitarras expressivas, baterias mel\u00f3dicas, ritmos folcl\u00f3ricos, paisagens caribenhas e um romance incipiente com o eletro-pop. &nbsp; Amor Elefante \u00e9 um grupo formado no bairro de Banfield (Buenos Aires) em 2009 por [&hellip;]<\/p>\n","protected":false},"author":1,"featured_media":13499,"comment_status":"closed","ping_status":"closed","sticky":false,"template":"","format":"standard","meta":{"footnotes":""},"categories":[218],"tags":[],"class_list":["post-13501","post","type-post","status-publish","format-standard","has-post-thumbnail","hentry","category-noticias-generales-pt"],"lang":"pt","translations":{"pt":13501,"es":13498},"pll_sync_post":[],"post_mailing_queue_ids":[],"_links":{"self":[{"href":"http:\/\/staging.ibermusicas.org\/index.php\/wp-json\/wp\/v2\/posts\/13501","targetHints":{"allow":["GET"]}}],"collection":[{"href":"http:\/\/staging.ibermusicas.org\/index.php\/wp-json\/wp\/v2\/posts"}],"about":[{"href":"http:\/\/staging.ibermusicas.org\/index.php\/wp-json\/wp\/v2\/types\/post"}],"author":[{"embeddable":true,"href":"http:\/\/staging.ibermusicas.org\/index.php\/wp-json\/wp\/v2\/users\/1"}],"replies":[{"embeddable":true,"href":"http:\/\/staging.ibermusicas.org\/index.php\/wp-json\/wp\/v2\/comments?post=13501"}],"version-history":[{"count":1,"href":"http:\/\/staging.ibermusicas.org\/index.php\/wp-json\/wp\/v2\/posts\/13501\/revisions"}],"predecessor-version":[{"id":13502,"href":"http:\/\/staging.ibermusicas.org\/index.php\/wp-json\/wp\/v2\/posts\/13501\/revisions\/13502"}],"wp:featuredmedia":[{"embeddable":true,"href":"http:\/\/staging.ibermusicas.org\/index.php\/wp-json\/wp\/v2\/media\/13499"}],"wp:attachment":[{"href":"http:\/\/staging.ibermusicas.org\/index.php\/wp-json\/wp\/v2\/media?parent=13501"}],"wp:term":[{"taxonomy":"category","embeddable":true,"href":"http:\/\/staging.ibermusicas.org\/index.php\/wp-json\/wp\/v2\/categories?post=13501"},{"taxonomy":"post_tag","embeddable":true,"href":"http:\/\/staging.ibermusicas.org\/index.php\/wp-json\/wp\/v2\/tags?post=13501"}],"curies":[{"name":"wp","href":"https:\/\/api.w.org\/{rel}","templated":true}]}}