{"id":13510,"date":"2022-10-03T13:50:02","date_gmt":"2022-10-03T13:50:02","guid":{"rendered":"http:\/\/staging.ibermusicas.org\/?p=13510"},"modified":"2022-10-31T13:58:28","modified_gmt":"2022-10-31T13:58:28","slug":"o-treinamento-profissional-para-arquivistas-e-bibliotecarios-musicais-fornecido-pela-rios-red-iberoamericana-de-orquestas-sinfonicas-esta-sendo-realizado","status":"publish","type":"post","link":"http:\/\/staging.ibermusicas.org\/index.php\/o-treinamento-profissional-para-arquivistas-e-bibliotecarios-musicais-fornecido-pela-rios-red-iberoamericana-de-orquestas-sinfonicas-esta-sendo-realizado\/","title":{"rendered":"O treinamento profissional para arquivistas e bibliotec\u00e1rios musicais fornecido pela RIOS (Red Iberoamericana de Orquestas Sinf\u00f3nicas) est\u00e1 sendo realizado"},"content":{"rendered":"<p>A partir de 30 de setembro e durante todo o m\u00eas de outubro, ser\u00e1 realizada a Forma\u00e7\u00e3o Profissional para Arquivistas e Bibliotec\u00e1rios Musicais oferecida pela RIOS &#8211; Rede Ibero-Americana de Orquestras Sinf\u00f4nicas em articula\u00e7\u00e3o com a MOLA (Major Orchestra Librarians&#8217; Association) para o setor musical da regi\u00e3o. Estes treinamentos s\u00e3o ministrados por Claudia Restrepo (Sinfonia de Utah) e Angels Martinez (\u00d3pera Metropolitana). A atividade \u00e9 assistida por mais de 120 profissionais de 11 pa\u00edses, representando mais de 70 institui\u00e7\u00f5es musicais.<\/p>\n<p>&nbsp;<\/p>\n<p>A Rede Ibero-Americana de Orquestras Sinf\u00f4nicas \u2013 RIOS promove o desenvolvimento da m\u00fasica sinf\u00f4nica, fomentando a integra\u00e7\u00e3o e a coopera\u00e7\u00e3o, com ferramentas que contribuem para a promo\u00e7\u00e3o da m\u00fasica orquestral, a troca de conhecimentos, a identifica\u00e7\u00e3o de desafios e a coordena\u00e7\u00e3o de agendas, fortalecendo a institui\u00e7\u00f5es e o setor em geral. Atualmente, \u00e9 composta por 34 orquestras de 15 pa\u00edses e est\u00e1 permanentemente aberta \u00e0 incorpora\u00e7\u00e3o de novas institui\u00e7\u00f5es que pretendam fazer parte da Rede.<\/p>\n<p>&nbsp;<\/p>\n<p>RIOS tamb\u00e9m oferece oportunidades de forma\u00e7\u00e3o profissional aprovadas que respondem \u00e0s necessidades muito espec\u00edficas dos artistas, pessoal administrativo e t\u00e9cnico das orquestras. \u00c9 dentro desta estrutura que a primeira forma\u00e7\u00e3o profissional dedicada ao aperfei\u00e7oamento dos arquivistas e bibliotec\u00e1rios musicais est\u00e1 sendo realizada em conjunto com a MOLA (Major Orchestra Librarians&#8217; Association).<\/p>\n<p>&nbsp;<\/p>\n","protected":false},"excerpt":{"rendered":"<p>A partir de 30 de setembro e durante todo o m\u00eas de outubro, ser\u00e1 realizada a Forma\u00e7\u00e3o Profissional para Arquivistas e Bibliotec\u00e1rios Musicais oferecida pela RIOS &#8211; Rede Ibero-Americana de Orquestras Sinf\u00f4nicas em articula\u00e7\u00e3o com a MOLA (Major Orchestra Librarians&#8217; Association) para o setor musical da regi\u00e3o. Estes treinamentos s\u00e3o ministrados por Claudia Restrepo (Sinfonia [&hellip;]<\/p>\n","protected":false},"author":1,"featured_media":11985,"comment_status":"closed","ping_status":"closed","sticky":false,"template":"","format":"standard","meta":{"footnotes":""},"categories":[218],"tags":[],"class_list":["post-13510","post","type-post","status-publish","format-standard","has-post-thumbnail","hentry","category-noticias-generales-pt"],"lang":"pt","translations":{"pt":13510},"pll_sync_post":[],"post_mailing_queue_ids":[],"_links":{"self":[{"href":"http:\/\/staging.ibermusicas.org\/index.php\/wp-json\/wp\/v2\/posts\/13510","targetHints":{"allow":["GET"]}}],"collection":[{"href":"http:\/\/staging.ibermusicas.org\/index.php\/wp-json\/wp\/v2\/posts"}],"about":[{"href":"http:\/\/staging.ibermusicas.org\/index.php\/wp-json\/wp\/v2\/types\/post"}],"author":[{"embeddable":true,"href":"http:\/\/staging.ibermusicas.org\/index.php\/wp-json\/wp\/v2\/users\/1"}],"replies":[{"embeddable":true,"href":"http:\/\/staging.ibermusicas.org\/index.php\/wp-json\/wp\/v2\/comments?post=13510"}],"version-history":[{"count":1,"href":"http:\/\/staging.ibermusicas.org\/index.php\/wp-json\/wp\/v2\/posts\/13510\/revisions"}],"predecessor-version":[{"id":13511,"href":"http:\/\/staging.ibermusicas.org\/index.php\/wp-json\/wp\/v2\/posts\/13510\/revisions\/13511"}],"wp:featuredmedia":[{"embeddable":true,"href":"http:\/\/staging.ibermusicas.org\/index.php\/wp-json\/wp\/v2\/media\/11985"}],"wp:attachment":[{"href":"http:\/\/staging.ibermusicas.org\/index.php\/wp-json\/wp\/v2\/media?parent=13510"}],"wp:term":[{"taxonomy":"category","embeddable":true,"href":"http:\/\/staging.ibermusicas.org\/index.php\/wp-json\/wp\/v2\/categories?post=13510"},{"taxonomy":"post_tag","embeddable":true,"href":"http:\/\/staging.ibermusicas.org\/index.php\/wp-json\/wp\/v2\/tags?post=13510"}],"curies":[{"name":"wp","href":"https:\/\/api.w.org\/{rel}","templated":true}]}}