{"id":13521,"date":"2022-10-14T19:25:26","date_gmt":"2022-10-14T19:25:26","guid":{"rendered":"http:\/\/staging.ibermusicas.org\/?p=13521"},"modified":"2022-10-21T17:48:53","modified_gmt":"2022-10-21T17:48:53","slug":"siguen-adelante-los-encuentros-de-la-improvisacion-libre-en-latinoamerica","status":"publish","type":"post","link":"http:\/\/staging.ibermusicas.org\/index.php\/siguen-adelante-los-encuentros-de-la-improvisacion-libre-en-latinoamerica\/","title":{"rendered":"Siguen adelante los encuentros de \u201cLa improvisaci\u00f3n libre en Latinoam\u00e9rica\u201d"},"content":{"rendered":"<p>Se trata de seis eventos virtuales que proponen visibilizar la rica escena de la improvisaci\u00f3n musical latinoamericana a trav\u00e9s de la difusi\u00f3n y la reflexi\u00f3n orientada a m\u00fasicos, docentes y p\u00fablico en general.<\/p>\n<p>&nbsp;<\/p>\n<p>Son parte de la iniciativa destacados improvisadores de Colombia, M\u00e9xico, Argentina y Espa\u00f1a que dan cuenta de la diversidad presente en las escenas de la improvisaci\u00f3n en Latinoam\u00e9rica, sus modalidades de trabajo y las posibilidades de generar y fomentar experiencias y habilidades musicales y sociales a trav\u00e9s de estas pr\u00e1cticas.<\/p>\n<p>&nbsp;<\/p>\n<p>Los encuentros apuntan a promover la conexi\u00f3n entre el p\u00fablico y los expertos invitados, fortaleciendo los v\u00ednculos transnacionales.<\/p>\n<p>&nbsp;<\/p>\n<p>Los objetivos de esta propuesta se cifran en:<\/p>\n<p>&nbsp;<\/p>\n<ul>\n<li>Difundir y fomentar el conocimiento y la reflexi\u00f3n sobre la improvisaci\u00f3n musical como parte de la diversidad musical iberoamericana a trav\u00e9s de un ciclo que involucra notables artistas musicales, gestores y docentes del \u00e1rea.<\/li>\n<li>Visibilizar este productivo campo art\u00edstico latinoamericano y as\u00ed ganar nuevos p\u00fablicos en la regi\u00f3n, ampliando el mercado de trabajo de las y los profesionales del sector.<\/li>\n<li>Fomentar la cooperaci\u00f3n iberoamericana entre las\/los diversos agentes productoras\/es, reuniendo y difundiendo informaci\u00f3n entre ellas\/os y el p\u00fablico.<\/li>\n<li>Fungir como veh\u00edculos propulsores, dando a conocer a trav\u00e9s del ciclo la escena improvisadora de Latinoam\u00e9rica, y proporcionando informaci\u00f3n adicional sobre colectivos diversos en est\u00e9ticas, g\u00e9neros, edades, etnias y culturas.<\/li>\n<li>Contribuir al objetivo de fomentar las diversas formas de creaci\u00f3n musical sin distinciones de estilos, g\u00e9neros y tradiciones, mostrando la riqueza de la improvisaci\u00f3n musical en la regi\u00f3n latinoamericana.<\/li>\n<\/ul>\n<p>&nbsp;<\/p>\n<p>&nbsp;<\/p>\n<p>Del 12 al 19 de octubre<\/p>\n<p>&nbsp;<\/p>\n","protected":false},"excerpt":{"rendered":"<p>Se trata de seis eventos virtuales que proponen visibilizar la rica escena de la improvisaci\u00f3n musical latinoamericana a trav\u00e9s de la difusi\u00f3n y la reflexi\u00f3n orientada a m\u00fasicos, docentes y p\u00fablico en general. &nbsp; Son parte de la iniciativa destacados improvisadores de Colombia, M\u00e9xico, Argentina y Espa\u00f1a que dan cuenta de la diversidad presente en [&hellip;]<\/p>\n","protected":false},"author":1,"featured_media":13615,"comment_status":"closed","ping_status":"closed","sticky":false,"template":"","format":"standard","meta":{"footnotes":""},"categories":[53],"tags":[],"class_list":["post-13521","post","type-post","status-publish","format-standard","has-post-thumbnail","hentry","category-noticias-generales"],"lang":"es","translations":{"es":13521,"pt":13523},"pll_sync_post":[],"post_mailing_queue_ids":[],"_links":{"self":[{"href":"http:\/\/staging.ibermusicas.org\/index.php\/wp-json\/wp\/v2\/posts\/13521","targetHints":{"allow":["GET"]}}],"collection":[{"href":"http:\/\/staging.ibermusicas.org\/index.php\/wp-json\/wp\/v2\/posts"}],"about":[{"href":"http:\/\/staging.ibermusicas.org\/index.php\/wp-json\/wp\/v2\/types\/post"}],"author":[{"embeddable":true,"href":"http:\/\/staging.ibermusicas.org\/index.php\/wp-json\/wp\/v2\/users\/1"}],"replies":[{"embeddable":true,"href":"http:\/\/staging.ibermusicas.org\/index.php\/wp-json\/wp\/v2\/comments?post=13521"}],"version-history":[{"count":1,"href":"http:\/\/staging.ibermusicas.org\/index.php\/wp-json\/wp\/v2\/posts\/13521\/revisions"}],"predecessor-version":[{"id":13522,"href":"http:\/\/staging.ibermusicas.org\/index.php\/wp-json\/wp\/v2\/posts\/13521\/revisions\/13522"}],"wp:featuredmedia":[{"embeddable":true,"href":"http:\/\/staging.ibermusicas.org\/index.php\/wp-json\/wp\/v2\/media\/13615"}],"wp:attachment":[{"href":"http:\/\/staging.ibermusicas.org\/index.php\/wp-json\/wp\/v2\/media?parent=13521"}],"wp:term":[{"taxonomy":"category","embeddable":true,"href":"http:\/\/staging.ibermusicas.org\/index.php\/wp-json\/wp\/v2\/categories?post=13521"},{"taxonomy":"post_tag","embeddable":true,"href":"http:\/\/staging.ibermusicas.org\/index.php\/wp-json\/wp\/v2\/tags?post=13521"}],"curies":[{"name":"wp","href":"https:\/\/api.w.org\/{rel}","templated":true}]}}