{"id":13523,"date":"2022-10-14T19:26:44","date_gmt":"2022-10-14T19:26:44","guid":{"rendered":"http:\/\/staging.ibermusicas.org\/?p=13523"},"modified":"2022-10-21T18:25:50","modified_gmt":"2022-10-21T18:25:50","slug":"siguen-adelante-los-encuentros-de-la-improvisacion-libre-en-latinoamerica-2","status":"publish","type":"post","link":"http:\/\/staging.ibermusicas.org\/index.php\/siguen-adelante-los-encuentros-de-la-improvisacion-libre-en-latinoamerica-2\/","title":{"rendered":"Continuam os encontros\u00a0 \u201cImprovisa\u00e7\u00e3o livre em Am\u00e9rica-Latina\u201d"},"content":{"rendered":"<p>Estes seis eventos virtuais visam tornar vis\u00edvel o rico cen\u00e1rio de improvisa\u00e7\u00e3o musical latino-americano atrav\u00e9s da divulga\u00e7\u00e3o e reflex\u00e3o voltada para m\u00fasicos, professores e o p\u00fablico em geral.<\/p>\n<p>&nbsp;<\/p>\n<p>Os principais improvisadores da Col\u00f4mbia, M\u00e9xico, Argentina e Espanha est\u00e3o participando da iniciativa, dando conta da diversidade presente nas cenas de improviso na Am\u00e9rica Latina, seus m\u00e9todos de trabalho e as possibilidades de gerar e fomentar experi\u00eancias e habilidades musicais e sociais atrav\u00e9s destas pr\u00e1ticas.<\/p>\n<p>&nbsp;<\/p>\n<p>As reuni\u00f5es visam promover a conex\u00e3o entre o p\u00fablico e os especialistas convidados, fortalecendo os la\u00e7os transnacionais.<\/p>\n<p>&nbsp;<\/p>\n<p>Os objetivos desta proposta s\u00e3o os seguintes:<\/p>\n<p>&nbsp;<\/p>\n<ul>\n<li>Divulgar e promover o conhecimento e a reflex\u00e3o sobre a improvisa\u00e7\u00e3o musical como parte da diversidade musical ibero-americana atrav\u00e9s de um ciclo que envolve not\u00e1veis artistas musicais e professores da \u00e1rea.<\/li>\n<li>Tornar vis\u00edvel este produtivo campo art\u00edstico latino-americano e assim ganhar novos p\u00fablicos na regi\u00e3o, ampliando o mercado de trabalho para os profissionais do setor.<\/li>\n<li>Promover a coopera\u00e7\u00e3o ibero-americana entre os diferentes agentes produtores, coletando e divulgando informa\u00e7\u00f5es entre eles e o p\u00fablico.<\/li>\n<li>Atuar como uma for\u00e7a motriz, tornando o cen\u00e1rio de improvisa\u00e7\u00e3o latino-americano conhecido atrav\u00e9s do ciclo e fornecendo informa\u00e7\u00f5es adicionais sobre diversos grupos em termos de est\u00e9tica, g\u00eaneros, idades, etnias e culturas.<\/li>\n<li>Contribuir para o objetivo de promover as diversas formas de cria\u00e7\u00e3o musical sem distin\u00e7\u00f5es de estilos, g\u00eaneros e tradi\u00e7\u00f5es, mostrando a riqueza da improvisa\u00e7\u00e3o musical na regi\u00e3o latino-americana.<\/li>\n<\/ul>\n<p>&nbsp;<\/p>\n<p>&nbsp;<\/p>\n<p>De 12 a 19 de outubro<\/p>\n<p><strong>\u00a0<\/strong><\/p>\n","protected":false},"excerpt":{"rendered":"<p>Estes seis eventos virtuais visam tornar vis\u00edvel o rico cen\u00e1rio de improvisa\u00e7\u00e3o musical latino-americano atrav\u00e9s da divulga\u00e7\u00e3o e reflex\u00e3o voltada para m\u00fasicos, professores e o p\u00fablico em geral. &nbsp; Os principais improvisadores da Col\u00f4mbia, M\u00e9xico, Argentina e Espanha est\u00e3o participando da iniciativa, dando conta da diversidade presente nas cenas de improviso na Am\u00e9rica Latina, seus [&hellip;]<\/p>\n","protected":false},"author":1,"featured_media":13632,"comment_status":"closed","ping_status":"closed","sticky":false,"template":"","format":"standard","meta":{"footnotes":""},"categories":[218],"tags":[],"class_list":["post-13523","post","type-post","status-publish","format-standard","has-post-thumbnail","hentry","category-noticias-generales-pt"],"lang":"pt","translations":{"pt":13523,"es":13521},"pll_sync_post":[],"post_mailing_queue_ids":[],"_links":{"self":[{"href":"http:\/\/staging.ibermusicas.org\/index.php\/wp-json\/wp\/v2\/posts\/13523","targetHints":{"allow":["GET"]}}],"collection":[{"href":"http:\/\/staging.ibermusicas.org\/index.php\/wp-json\/wp\/v2\/posts"}],"about":[{"href":"http:\/\/staging.ibermusicas.org\/index.php\/wp-json\/wp\/v2\/types\/post"}],"author":[{"embeddable":true,"href":"http:\/\/staging.ibermusicas.org\/index.php\/wp-json\/wp\/v2\/users\/1"}],"replies":[{"embeddable":true,"href":"http:\/\/staging.ibermusicas.org\/index.php\/wp-json\/wp\/v2\/comments?post=13523"}],"version-history":[{"count":2,"href":"http:\/\/staging.ibermusicas.org\/index.php\/wp-json\/wp\/v2\/posts\/13523\/revisions"}],"predecessor-version":[{"id":13525,"href":"http:\/\/staging.ibermusicas.org\/index.php\/wp-json\/wp\/v2\/posts\/13523\/revisions\/13525"}],"wp:featuredmedia":[{"embeddable":true,"href":"http:\/\/staging.ibermusicas.org\/index.php\/wp-json\/wp\/v2\/media\/13632"}],"wp:attachment":[{"href":"http:\/\/staging.ibermusicas.org\/index.php\/wp-json\/wp\/v2\/media?parent=13523"}],"wp:term":[{"taxonomy":"category","embeddable":true,"href":"http:\/\/staging.ibermusicas.org\/index.php\/wp-json\/wp\/v2\/categories?post=13523"},{"taxonomy":"post_tag","embeddable":true,"href":"http:\/\/staging.ibermusicas.org\/index.php\/wp-json\/wp\/v2\/tags?post=13523"}],"curies":[{"name":"wp","href":"https:\/\/api.w.org\/{rel}","templated":true}]}}