{"id":13528,"date":"2022-10-14T19:29:44","date_gmt":"2022-10-14T19:29:44","guid":{"rendered":"http:\/\/staging.ibermusicas.org\/?p=13528"},"modified":"2022-10-21T18:37:52","modified_gmt":"2022-10-21T18:37:52","slug":"o-trio-de-violoes-terceto-del-sur-do-mexico-ira-se-apresentar-na-costa-rica-e-no-mexico","status":"publish","type":"post","link":"http:\/\/staging.ibermusicas.org\/index.php\/o-trio-de-violoes-terceto-del-sur-do-mexico-ira-se-apresentar-na-costa-rica-e-no-mexico\/","title":{"rendered":"O trio de viol\u00f5es Terceto del Sur, do M\u00e9xico, ir\u00e1 se apresentar na Costa Rica e no M\u00e9xico"},"content":{"rendered":"<p>Terceto del Sur surgiu em 2018. \u00c9 formado pelos guitarristas Carlos Iv\u00e1n Reyes, Paul Ca\u00f1edo e Antonio Solano. A Terceto se dedicou a resgatar e criar arranjos para o grupo, bem como a lidar com o novo repert\u00f3rio original. Seus membros t\u00eam mais de 6 anos de experi\u00eancia em m\u00fasica de c\u00e2mara para o conjunto de viol\u00f5es.<\/p>\n<p>&nbsp;<\/p>\n<p>Eles conquistaram o Primeiro Lugar no Concurso de M\u00fasica de C\u00e2mara Naolinco 2019, o Primeiro Lugar no 10\u00ba Concurso Nacional de M\u00fasica de C\u00e2mara Ollin Yoliztli 2018, assim como Men\u00e7\u00e3o Honrosa no mesmo concurso em 2013 para a melhor interpreta\u00e7\u00e3o da m\u00fasica mexicana, 3\u00ba Lugar no Concurso de M\u00fasica de C\u00e2mara da Escuela Superior de M\u00fasica 2019, al\u00e9m de estarem entre os favoritos no Festival de M\u00fasica de C\u00e2mara de Aguascalientes 2018 e Men\u00e7\u00e3o Honrosa no Primeiro Concurso Mexicano de M\u00fasica de C\u00e2mara 2019. Al\u00e9m disso, os membros conquistaram o primeiro lugar no concurso de m\u00fasica de c\u00e2mara do ex-convento de S\u00e3o Francisco 2013, em Pachuca, Hidalgo, no qual receberam a medalha \u00abGerardo Tamez\u00bb; segundo lugar no concurso de conjunto do Festival Internacional de Guitarra de Taxco 2013.<\/p>\n<p>&nbsp;<\/p>\n<p>Eles foram treinados pelo maestro, compositor, arranjador e guitarrista cubano Freddy P\u00e9rez, que consolidou as bases do trabalho do conjunto. Mais tarde, professores como Om\u00e1n Kaminsky, C\u00e9sar Lara, Asako Arai, Wendy Holdaway, Ana Mar\u00eda Tradatti, o prestigioso Cuarteto Latinoamericano e o Cuarteto Jos\u00e9 White enriqueceram sua forma\u00e7\u00e3o.<\/p>\n<p>&nbsp;<\/p>\n<ul>\n<li>Sexta-feira 14 de outubro 16:00 hs. Encuentro Universitario de Guitarra de la UNAM, Sala Xochipilli, FaM, Coyoac\u00e1n, M\u00e9xico.<\/li>\n<li>Quinta-feira, 20 de outubro, Centro de la Cultura Cartaginesa, Cartago, Costa Rica<\/li>\n<\/ul>\n","protected":false},"excerpt":{"rendered":"<p>Terceto del Sur surgiu em 2018. \u00c9 formado pelos guitarristas Carlos Iv\u00e1n Reyes, Paul Ca\u00f1edo e Antonio Solano. A Terceto se dedicou a resgatar e criar arranjos para o grupo, bem como a lidar com o novo repert\u00f3rio original. Seus membros t\u00eam mais de 6 anos de experi\u00eancia em m\u00fasica de c\u00e2mara para o conjunto [&hellip;]<\/p>\n","protected":false},"author":1,"featured_media":13633,"comment_status":"closed","ping_status":"closed","sticky":false,"template":"","format":"standard","meta":{"footnotes":""},"categories":[218],"tags":[],"class_list":["post-13528","post","type-post","status-publish","format-standard","has-post-thumbnail","hentry","category-noticias-generales-pt"],"lang":"pt","translations":{"pt":13528,"es":13526},"pll_sync_post":[],"post_mailing_queue_ids":[],"_links":{"self":[{"href":"http:\/\/staging.ibermusicas.org\/index.php\/wp-json\/wp\/v2\/posts\/13528","targetHints":{"allow":["GET"]}}],"collection":[{"href":"http:\/\/staging.ibermusicas.org\/index.php\/wp-json\/wp\/v2\/posts"}],"about":[{"href":"http:\/\/staging.ibermusicas.org\/index.php\/wp-json\/wp\/v2\/types\/post"}],"author":[{"embeddable":true,"href":"http:\/\/staging.ibermusicas.org\/index.php\/wp-json\/wp\/v2\/users\/1"}],"replies":[{"embeddable":true,"href":"http:\/\/staging.ibermusicas.org\/index.php\/wp-json\/wp\/v2\/comments?post=13528"}],"version-history":[{"count":1,"href":"http:\/\/staging.ibermusicas.org\/index.php\/wp-json\/wp\/v2\/posts\/13528\/revisions"}],"predecessor-version":[{"id":13529,"href":"http:\/\/staging.ibermusicas.org\/index.php\/wp-json\/wp\/v2\/posts\/13528\/revisions\/13529"}],"wp:featuredmedia":[{"embeddable":true,"href":"http:\/\/staging.ibermusicas.org\/index.php\/wp-json\/wp\/v2\/media\/13633"}],"wp:attachment":[{"href":"http:\/\/staging.ibermusicas.org\/index.php\/wp-json\/wp\/v2\/media?parent=13528"}],"wp:term":[{"taxonomy":"category","embeddable":true,"href":"http:\/\/staging.ibermusicas.org\/index.php\/wp-json\/wp\/v2\/categories?post=13528"},{"taxonomy":"post_tag","embeddable":true,"href":"http:\/\/staging.ibermusicas.org\/index.php\/wp-json\/wp\/v2\/tags?post=13528"}],"curies":[{"name":"wp","href":"https:\/\/api.w.org\/{rel}","templated":true}]}}