{"id":13536,"date":"2022-10-14T19:41:12","date_gmt":"2022-10-14T19:41:12","guid":{"rendered":"http:\/\/staging.ibermusicas.org\/?p=13536"},"modified":"2022-10-21T18:43:38","modified_gmt":"2022-10-21T18:43:38","slug":"de-valparaiso-chile-chega-uma-nova-edicao-do-circuito-nacional-at-home","status":"publish","type":"post","link":"http:\/\/staging.ibermusicas.org\/index.php\/de-valparaiso-chile-chega-uma-nova-edicao-do-circuito-nacional-at-home\/","title":{"rendered":"De Valpara\u00edso, Chile chega uma nova edi\u00e7\u00e3o do Circuito Nacional At Home"},"content":{"rendered":"<p>O Circuito Nacional continua na busca constante de gerar espa\u00e7os para contribuir com o apoio e divulga\u00e7\u00e3o de artistas latinos, no processo de reativa\u00e7\u00e3o da ind\u00fastria da m\u00fasica em seu per\u00edodo p\u00f3s-pandemia. Desde 2018, materializa-se como plataforma de descoberta de artistas, mostrando ao seu p\u00fablico os novos talentos que surgem do sul do mundo.<\/p>\n<p>&nbsp;<\/p>\n<p>Sua vers\u00e3o 2022 de \u00abAtHome\u00bb inclui seis vitrines virtuais, com artistas do Chile e do M\u00e9xico. Para esta vers\u00e3o acompanhar\u00e3o bandas como Rosa Moribunda, Javiera e Lavanda, Autom\u00e1tico, s\u00f3 para citar alguns.<\/p>\n<p>&nbsp;<\/p>\n<p>Al\u00e9m disso, haver\u00e1 a presen\u00e7a de tr\u00eas workshops ministrados por profissionais relevantes da ind\u00fastria fonogr\u00e1fica, abordando temas sobre produ\u00e7\u00e3o musical, composi\u00e7\u00e3o, booking e aspectos t\u00e9cnicos em apresenta\u00e7\u00f5es musicais.<\/p>\n<p>&nbsp;<\/p>\n<p>17, 18 e 19 de outubro, \u00e0s 20h<\/p>\n<p><a href=\"http:\/\/www.youtube.com\/circuitonacional\">www.youtube.com\/circuitonacional<\/a><\/p>\n<p><a href=\"http:\/\/www.instagram.com\/circuitonaciona\">www.instagram.com\/circuitonaciona<\/a><\/p>\n","protected":false},"excerpt":{"rendered":"<p>O Circuito Nacional continua na busca constante de gerar espa\u00e7os para contribuir com o apoio e divulga\u00e7\u00e3o de artistas latinos, no processo de reativa\u00e7\u00e3o da ind\u00fastria da m\u00fasica em seu per\u00edodo p\u00f3s-pandemia. Desde 2018, materializa-se como plataforma de descoberta de artistas, mostrando ao seu p\u00fablico os novos talentos que surgem do sul do mundo. &nbsp; [&hellip;]<\/p>\n","protected":false},"author":1,"featured_media":13635,"comment_status":"closed","ping_status":"closed","sticky":false,"template":"","format":"standard","meta":{"footnotes":""},"categories":[218],"tags":[],"class_list":["post-13536","post","type-post","status-publish","format-standard","has-post-thumbnail","hentry","category-noticias-generales-pt"],"lang":"pt","translations":{"pt":13536,"es":13534},"pll_sync_post":[],"post_mailing_queue_ids":[],"_links":{"self":[{"href":"http:\/\/staging.ibermusicas.org\/index.php\/wp-json\/wp\/v2\/posts\/13536","targetHints":{"allow":["GET"]}}],"collection":[{"href":"http:\/\/staging.ibermusicas.org\/index.php\/wp-json\/wp\/v2\/posts"}],"about":[{"href":"http:\/\/staging.ibermusicas.org\/index.php\/wp-json\/wp\/v2\/types\/post"}],"author":[{"embeddable":true,"href":"http:\/\/staging.ibermusicas.org\/index.php\/wp-json\/wp\/v2\/users\/1"}],"replies":[{"embeddable":true,"href":"http:\/\/staging.ibermusicas.org\/index.php\/wp-json\/wp\/v2\/comments?post=13536"}],"version-history":[{"count":1,"href":"http:\/\/staging.ibermusicas.org\/index.php\/wp-json\/wp\/v2\/posts\/13536\/revisions"}],"predecessor-version":[{"id":13537,"href":"http:\/\/staging.ibermusicas.org\/index.php\/wp-json\/wp\/v2\/posts\/13536\/revisions\/13537"}],"wp:featuredmedia":[{"embeddable":true,"href":"http:\/\/staging.ibermusicas.org\/index.php\/wp-json\/wp\/v2\/media\/13635"}],"wp:attachment":[{"href":"http:\/\/staging.ibermusicas.org\/index.php\/wp-json\/wp\/v2\/media?parent=13536"}],"wp:term":[{"taxonomy":"category","embeddable":true,"href":"http:\/\/staging.ibermusicas.org\/index.php\/wp-json\/wp\/v2\/categories?post=13536"},{"taxonomy":"post_tag","embeddable":true,"href":"http:\/\/staging.ibermusicas.org\/index.php\/wp-json\/wp\/v2\/tags?post=13536"}],"curies":[{"name":"wp","href":"https:\/\/api.w.org\/{rel}","templated":true}]}}