{"id":13546,"date":"2022-10-14T20:19:10","date_gmt":"2022-10-14T20:19:10","guid":{"rendered":"http:\/\/staging.ibermusicas.org\/?p=13546"},"modified":"2022-10-21T17:56:34","modified_gmt":"2022-10-21T17:56:34","slug":"la-agrupacion-uruguaya-trastornados-se-presentara-en-la-edicion-argentina-del-festival-sonamos-latinoamerica","status":"publish","type":"post","link":"http:\/\/staging.ibermusicas.org\/index.php\/la-agrupacion-uruguaya-trastornados-se-presentara-en-la-edicion-argentina-del-festival-sonamos-latinoamerica\/","title":{"rendered":"La agrupaci\u00f3n uruguaya Trastornados se presentar\u00e1 en la edici\u00f3n argentina del festival Sonamos Latinoam\u00e9rica"},"content":{"rendered":"<p>Trastornados es una banda de m\u00fasica popular latinoamericana surgida en 2016 en Dolores, Uruguay. Su repertorio contiene variados g\u00e9neros como el candombe, la murga, las m\u00fasicas de ra\u00edz folkl\u00f3rica y en general las m\u00fasicas de ra\u00edz latinoamericana.<\/p>\n<p>&nbsp;<\/p>\n<p>Se observa un cuidado trabajo en las armon\u00edas vocales, con una voz femenina y otra masculina que intercambian sus roles protag\u00f3nicos. Estas armon\u00edas, en algunas canciones, se ampl\u00edan a cuatro voces. Tambi\u00e9n se aprecia una delicada complementaci\u00f3n entre melod\u00edas, ritmos, armon\u00edas y timbres seg\u00fan la tem\u00e1tica que est\u00e9 tratando la canci\u00f3n.<\/p>\n<p>&nbsp;<\/p>\n<p>En los espect\u00e1culos en vivo, se va contando una historia, hilvanada entre textos y canciones, cuidando los detalles de iluminaci\u00f3n, escenograf\u00eda y arte visual, lo que hace que la presentaci\u00f3n tenga una unidad tem\u00e1tica por la que se va llevando al p\u00fablico a trav\u00e9s de diferentes emociones.<\/p>\n<p>&nbsp;<\/p>\n<p>Se han presentado en importantes festivales de todo el Uruguay y en reconocidas Salas de Montevideo.\u00a0 La banda edit\u00f3 en 2020 su primer trabajo discogr\u00e1fico titulado \u201cHistorias de pueblo\u201d que cuenta con ocho temas propios y que pretende reflejar en sus letras, temas comunes a la mayor\u00eda de los barrios de pueblo logrando con el p\u00fablico una complicidad que se refleja en cada actuaci\u00f3n.<\/p>\n<p>&nbsp;<\/p>\n<p>En octubre de 2022 se presentar\u00e1n en Santa Fe, Argentina, en el marco del Festival \u201cSonamos Latinoam\u00e9rica\u201d. En dicho Festival, adem\u00e1s de las presentaciones en vivo, la banda dictar\u00e1 el Taller \u201cIntroducci\u00f3n a la Murga uruguaya\u201d, en el Instituto Superior de M\u00fasica.<\/p>\n<p>&nbsp;<\/p>\n<p>Del 21 al 30 de octubre en Santa Fe, Argentina<\/p>\n","protected":false},"excerpt":{"rendered":"<p>Trastornados es una banda de m\u00fasica popular latinoamericana surgida en 2016 en Dolores, Uruguay. Su repertorio contiene variados g\u00e9neros como el candombe, la murga, las m\u00fasicas de ra\u00edz folkl\u00f3rica y en general las m\u00fasicas de ra\u00edz latinoamericana. &nbsp; Se observa un cuidado trabajo en las armon\u00edas vocales, con una voz femenina y otra masculina que [&hellip;]<\/p>\n","protected":false},"author":1,"featured_media":13622,"comment_status":"closed","ping_status":"closed","sticky":false,"template":"","format":"standard","meta":{"footnotes":""},"categories":[53],"tags":[],"class_list":["post-13546","post","type-post","status-publish","format-standard","has-post-thumbnail","hentry","category-noticias-generales"],"lang":"es","translations":{"es":13546,"pt":13548},"pll_sync_post":[],"post_mailing_queue_ids":[],"_links":{"self":[{"href":"http:\/\/staging.ibermusicas.org\/index.php\/wp-json\/wp\/v2\/posts\/13546","targetHints":{"allow":["GET"]}}],"collection":[{"href":"http:\/\/staging.ibermusicas.org\/index.php\/wp-json\/wp\/v2\/posts"}],"about":[{"href":"http:\/\/staging.ibermusicas.org\/index.php\/wp-json\/wp\/v2\/types\/post"}],"author":[{"embeddable":true,"href":"http:\/\/staging.ibermusicas.org\/index.php\/wp-json\/wp\/v2\/users\/1"}],"replies":[{"embeddable":true,"href":"http:\/\/staging.ibermusicas.org\/index.php\/wp-json\/wp\/v2\/comments?post=13546"}],"version-history":[{"count":1,"href":"http:\/\/staging.ibermusicas.org\/index.php\/wp-json\/wp\/v2\/posts\/13546\/revisions"}],"predecessor-version":[{"id":13547,"href":"http:\/\/staging.ibermusicas.org\/index.php\/wp-json\/wp\/v2\/posts\/13546\/revisions\/13547"}],"wp:featuredmedia":[{"embeddable":true,"href":"http:\/\/staging.ibermusicas.org\/index.php\/wp-json\/wp\/v2\/media\/13622"}],"wp:attachment":[{"href":"http:\/\/staging.ibermusicas.org\/index.php\/wp-json\/wp\/v2\/media?parent=13546"}],"wp:term":[{"taxonomy":"category","embeddable":true,"href":"http:\/\/staging.ibermusicas.org\/index.php\/wp-json\/wp\/v2\/categories?post=13546"},{"taxonomy":"post_tag","embeddable":true,"href":"http:\/\/staging.ibermusicas.org\/index.php\/wp-json\/wp\/v2\/tags?post=13546"}],"curies":[{"name":"wp","href":"https:\/\/api.w.org\/{rel}","templated":true}]}}