{"id":13548,"date":"2022-10-14T20:20:14","date_gmt":"2022-10-14T20:20:14","guid":{"rendered":"http:\/\/staging.ibermusicas.org\/?p=13548"},"modified":"2022-10-21T18:50:23","modified_gmt":"2022-10-21T18:50:23","slug":"la-agrupacion-uruguaya-trastornados-se-presentara-en-la-edicion-argentina-del-festival-sonamos-latinoamerica-2","status":"publish","type":"post","link":"http:\/\/staging.ibermusicas.org\/index.php\/la-agrupacion-uruguaya-trastornados-se-presentara-en-la-edicion-argentina-del-festival-sonamos-latinoamerica-2\/","title":{"rendered":"O grupo uruguaio Trastornados se apresentar\u00e1 na edi\u00e7\u00e3o argentina do festival Sonamos Latinoam\u00e9rica"},"content":{"rendered":"<p>Trastornados\u00a0 \u00e9 uma banda de m\u00fasica popular latino-americana que surgiu em 2016 em Dolores, Uruguai. Seu repert\u00f3rio cont\u00e9m v\u00e1rios g\u00eaneros como candombe, murga, m\u00fasica de ra\u00edzes folcl\u00f3ricas e, em geral, m\u00fasica de ra\u00edzes latino-americanas.<\/p>\n<p>&nbsp;<\/p>\n<p>Observa-se um trabalho cuidadoso nas harmonias vocais, com uma voz feminina e uma voz masculina que trocam seus protagonismos. Essas harmonias, em algumas m\u00fasicas, s\u00e3o estendidas a quatro vozes. H\u00e1 tamb\u00e9m uma delicada complementa\u00e7\u00e3o entre melodias, ritmos, harmonias e timbres dependendo do tema que a m\u00fasica est\u00e1 tratando.<\/p>\n<p>&nbsp;<\/p>\n<p>Nos shows ao vivo, uma hist\u00f3ria \u00e9 contada, costurada entre textos e m\u00fasicas, cuidando dos detalhes de ilumina\u00e7\u00e3o, cen\u00e1rio e arte visual, o que faz com que a apresenta\u00e7\u00e3o tenha uma unidade tem\u00e1tica pela qual o p\u00fablico \u00e9 conduzido por diferentes emo\u00e7\u00f5es.<\/p>\n<p>&nbsp;<\/p>\n<p>Eles foram apresentados em importantes festivais em todo o Uruguai e em locais conhecidos em Montevideo . Em 2020, a banda lan\u00e7ou o seu primeiro \u00e1lbum intitulado \u00abHistorias de pueblo\u00bb que conta com oito can\u00e7\u00f5es pr\u00f3prias e que pretende reflectir nas suas letras, temas comuns \u00e0 maioria dos bairros da aldeia, conseguindo uma cumplicidade com o p\u00fablico que se reflecte em cada actua\u00e7\u00e3o .<\/p>\n<p>&nbsp;<\/p>\n<p>Em outubro de 2022 ser\u00e3o apresentados em Santa F\u00e9, Argentina, no \u00e2mbito do Festival \u00abSonamos Latinoam\u00e9rica\u00bb. No referido Festival, al\u00e9m das apresenta\u00e7\u00f5es ao vivo, a banda ditar\u00e1 uma \u00abIntrodu\u00e7\u00e3o ao Murga Uruguaya\u00bb, no Instituto Superior de M\u00fasica.<\/p>\n<p>&nbsp;<\/p>\n<p>&nbsp;<\/p>\n<p>De 21 a 30 de outubro em Santa F\u00e9, Argentina<\/p>\n","protected":false},"excerpt":{"rendered":"<p>Trastornados\u00a0 \u00e9 uma banda de m\u00fasica popular latino-americana que surgiu em 2016 em Dolores, Uruguai. Seu repert\u00f3rio cont\u00e9m v\u00e1rios g\u00eaneros como candombe, murga, m\u00fasica de ra\u00edzes folcl\u00f3ricas e, em geral, m\u00fasica de ra\u00edzes latino-americanas. &nbsp; Observa-se um trabalho cuidadoso nas harmonias vocais, com uma voz feminina e uma voz masculina que trocam seus protagonismos. Essas [&hellip;]<\/p>\n","protected":false},"author":1,"featured_media":13638,"comment_status":"closed","ping_status":"closed","sticky":false,"template":"","format":"standard","meta":{"footnotes":""},"categories":[218],"tags":[],"class_list":["post-13548","post","type-post","status-publish","format-standard","has-post-thumbnail","hentry","category-noticias-generales-pt"],"lang":"pt","translations":{"pt":13548,"es":13546},"pll_sync_post":[],"post_mailing_queue_ids":[],"_links":{"self":[{"href":"http:\/\/staging.ibermusicas.org\/index.php\/wp-json\/wp\/v2\/posts\/13548","targetHints":{"allow":["GET"]}}],"collection":[{"href":"http:\/\/staging.ibermusicas.org\/index.php\/wp-json\/wp\/v2\/posts"}],"about":[{"href":"http:\/\/staging.ibermusicas.org\/index.php\/wp-json\/wp\/v2\/types\/post"}],"author":[{"embeddable":true,"href":"http:\/\/staging.ibermusicas.org\/index.php\/wp-json\/wp\/v2\/users\/1"}],"replies":[{"embeddable":true,"href":"http:\/\/staging.ibermusicas.org\/index.php\/wp-json\/wp\/v2\/comments?post=13548"}],"version-history":[{"count":2,"href":"http:\/\/staging.ibermusicas.org\/index.php\/wp-json\/wp\/v2\/posts\/13548\/revisions"}],"predecessor-version":[{"id":13550,"href":"http:\/\/staging.ibermusicas.org\/index.php\/wp-json\/wp\/v2\/posts\/13548\/revisions\/13550"}],"wp:featuredmedia":[{"embeddable":true,"href":"http:\/\/staging.ibermusicas.org\/index.php\/wp-json\/wp\/v2\/media\/13638"}],"wp:attachment":[{"href":"http:\/\/staging.ibermusicas.org\/index.php\/wp-json\/wp\/v2\/media?parent=13548"}],"wp:term":[{"taxonomy":"category","embeddable":true,"href":"http:\/\/staging.ibermusicas.org\/index.php\/wp-json\/wp\/v2\/categories?post=13548"},{"taxonomy":"post_tag","embeddable":true,"href":"http:\/\/staging.ibermusicas.org\/index.php\/wp-json\/wp\/v2\/tags?post=13548"}],"curies":[{"name":"wp","href":"https:\/\/api.w.org\/{rel}","templated":true}]}}