{"id":13553,"date":"2022-10-14T20:24:52","date_gmt":"2022-10-14T20:24:52","guid":{"rendered":"http:\/\/staging.ibermusicas.org\/?p=13553"},"modified":"2022-10-21T18:52:43","modified_gmt":"2022-10-21T18:52:43","slug":"a-17a-edicao-do-festival-sonamos-latinoamerica-na-argentina-acolhera-karina-clavijo-e-la-diversa-do-equador-em-seu-programa","status":"publish","type":"post","link":"http:\/\/staging.ibermusicas.org\/index.php\/a-17a-edicao-do-festival-sonamos-latinoamerica-na-argentina-acolhera-karina-clavijo-e-la-diversa-do-equador-em-seu-programa\/","title":{"rendered":"A 17\u00aa edi\u00e7\u00e3o do Festival Sonamos Latinoam\u00e9rica na Argentina acolher\u00e1 Karina Clavijo e La Diversa do Equador em seu programa"},"content":{"rendered":"<p>Karina Clavijo \u00e9 etnomusic\u00f3loga, artista musical popular, cantora-compositora, pesquisadora de antropologia musical equatoriana, cantora de grupos afroesmeraldes tradicionais, professora de canto afro na Universidade Central do Equador. Ela tem atuado em importantes etapas nacionais e internacionais.<\/p>\n<p>Karina dedica-se \u00e0 composi\u00e7\u00e3o de novas m\u00fasicas equatorianas. Ela cria can\u00e7\u00f5es com um formato diferente do tradicional e quer come\u00e7ar a trabalhar com instrumentos de sopro.<\/p>\n<p>&nbsp;<\/p>\n<p>Concedida em 8 de mar\u00e7o de 2015 com a Decora\u00e7\u00e3o Benjam\u00edn Carri\u00f3n, concedida pela Casa de la Cultura Ecuatoriana por m\u00e9ritos culturais. Vencedor de v\u00e1rios pr\u00eamios de composi\u00e7\u00e3o concedidos pela Sociedade de Autores e Compositores do Equador e pela m\u00eddia.<\/p>\n<p>&nbsp;<\/p>\n<p>Sua m\u00fasica, todo seu ser, manifesta uma conex\u00e3o com os afro e os ind\u00edgenas, a costa e o serrano. Ele nos assegura que carrega o ind\u00edgena em seu cora\u00e7\u00e3o e \u00e9 por isso que compor m\u00fasica com um sentimento ind\u00edgena vem muito naturalmente para ele. \u00abEu nem preciso estudar tanto, pois ouvi minha av\u00f3 cantar tanto, sinto que a tenho dentro de mim\u00bb. Embora ela conhe\u00e7a a m\u00fasica afro desde crian\u00e7a, tem sido mais dif\u00edcil para ela estud\u00e1-la porque \u00e9 um mundo r\u00edtmico que ela aprendeu e assimilou, e ela tamb\u00e9m se sente parte das comunidades afro.<\/p>\n<p>&nbsp;<\/p>\n<p>Ela gosta de colaborar com outros artistas em suas apresenta\u00e7\u00f5es de livros e aberturas de exposi\u00e7\u00f5es de pintura. Ela participa de festivais de cantores e compositores. Canta com o grupo afroequatoriano Ubunto, com o qual realiza muitas atividades musicais.<\/p>\n<p>&nbsp;<\/p>\n<p>De 21 a 30 de outubro na Argentina<\/p>\n<p>&nbsp;<\/p>\n","protected":false},"excerpt":{"rendered":"<p>Karina Clavijo \u00e9 etnomusic\u00f3loga, artista musical popular, cantora-compositora, pesquisadora de antropologia musical equatoriana, cantora de grupos afroesmeraldes tradicionais, professora de canto afro na Universidade Central do Equador. Ela tem atuado em importantes etapas nacionais e internacionais. Karina dedica-se \u00e0 composi\u00e7\u00e3o de novas m\u00fasicas equatorianas. Ela cria can\u00e7\u00f5es com um formato diferente do tradicional e quer [&hellip;]<\/p>\n","protected":false},"author":1,"featured_media":13639,"comment_status":"closed","ping_status":"closed","sticky":false,"template":"","format":"standard","meta":{"footnotes":""},"categories":[218],"tags":[],"class_list":["post-13553","post","type-post","status-publish","format-standard","has-post-thumbnail","hentry","category-noticias-generales-pt"],"lang":"pt","translations":{"pt":13553,"es":13551},"pll_sync_post":[],"post_mailing_queue_ids":[],"_links":{"self":[{"href":"http:\/\/staging.ibermusicas.org\/index.php\/wp-json\/wp\/v2\/posts\/13553","targetHints":{"allow":["GET"]}}],"collection":[{"href":"http:\/\/staging.ibermusicas.org\/index.php\/wp-json\/wp\/v2\/posts"}],"about":[{"href":"http:\/\/staging.ibermusicas.org\/index.php\/wp-json\/wp\/v2\/types\/post"}],"author":[{"embeddable":true,"href":"http:\/\/staging.ibermusicas.org\/index.php\/wp-json\/wp\/v2\/users\/1"}],"replies":[{"embeddable":true,"href":"http:\/\/staging.ibermusicas.org\/index.php\/wp-json\/wp\/v2\/comments?post=13553"}],"version-history":[{"count":1,"href":"http:\/\/staging.ibermusicas.org\/index.php\/wp-json\/wp\/v2\/posts\/13553\/revisions"}],"predecessor-version":[{"id":13554,"href":"http:\/\/staging.ibermusicas.org\/index.php\/wp-json\/wp\/v2\/posts\/13553\/revisions\/13554"}],"wp:featuredmedia":[{"embeddable":true,"href":"http:\/\/staging.ibermusicas.org\/index.php\/wp-json\/wp\/v2\/media\/13639"}],"wp:attachment":[{"href":"http:\/\/staging.ibermusicas.org\/index.php\/wp-json\/wp\/v2\/media?parent=13553"}],"wp:term":[{"taxonomy":"category","embeddable":true,"href":"http:\/\/staging.ibermusicas.org\/index.php\/wp-json\/wp\/v2\/categories?post=13553"},{"taxonomy":"post_tag","embeddable":true,"href":"http:\/\/staging.ibermusicas.org\/index.php\/wp-json\/wp\/v2\/tags?post=13553"}],"curies":[{"name":"wp","href":"https:\/\/api.w.org\/{rel}","templated":true}]}}