{"id":13555,"date":"2022-10-14T20:27:16","date_gmt":"2022-10-14T20:27:16","guid":{"rendered":"http:\/\/staging.ibermusicas.org\/?p=13555"},"modified":"2022-10-21T17:59:21","modified_gmt":"2022-10-21T17:59:21","slug":"la-fanfarria-chilena-banda-conmocion-lleva-a-mexico-su-vital-y-colorida-propuesta","status":"publish","type":"post","link":"http:\/\/staging.ibermusicas.org\/index.php\/la-fanfarria-chilena-banda-conmocion-lleva-a-mexico-su-vital-y-colorida-propuesta\/","title":{"rendered":"La fanfarria chilena Banda Conmoci\u00f3n lleva a M\u00e9xico su vital y colorida propuesta"},"content":{"rendered":"<p>Banda Conmoci\u00f3n es una agrupaci\u00f3n de 15 artistas en escena (14 m\u00fasicos, m\u00e1s un diablo\/figur\u00edn) que este a\u00f1o 2022 est\u00e1 celebrando sus 21 a\u00f1os de trayectoria. En formato banda instrumental de bronces con una potente base de percusiones, ha incorporado nuevos sonidos que contribuyen a elaborar una propuesta propia, \u00fanica y representativa de las m\u00fasicas del mundo provenientes de Chile.<\/p>\n<p>&nbsp;<\/p>\n<p>Cuenta con 5 discos larga duraci\u00f3n; Pregonero 2008, Cuerpo Repartido 2010, Tirane\u00f1o 2014, Festejos 2017 y Lakitas Esenciales 2021, con un sexto ya en proceso de producci\u00f3n, a ser lanzado en 2023, numerosos premios de la cr\u00edtica en Chile (Premio PULSAR 2015 como mejor disco de m\u00fasica de ra\u00edz, premio Margot Loyola 2016 y premio Luis Advis 2021), adem\u00e1s de presentaciones en algunos de los festivales m\u00e1s importantes de Chile (Festival del Huaso de Olmu\u00e9, Lollapalooza, Festival de Dichato, Fiesta de la Vendimia de Curic\u00f3, etc.) y otros pa\u00edses (Rock al Parque, Colombia, y giras por Per\u00fa, Argentina, Europa y China).<\/p>\n<p>&nbsp;<\/p>\n<p>Banda Conmoci\u00f3n ha destacado como una fanfarria que fusiona diversos estilos de m\u00fasica latinoamericana y mundial, con una base ligada a las m\u00fasicas tradicionales del norte de Chile, rescatando las festividades populares y la tradici\u00f3n cultural y<\/p>\n<p>musical de estas regiones y el carnaval popular.<\/p>\n<p>&nbsp;<\/p>\n<p>&nbsp;<\/p>\n<ul>\n<li>22 y 23 de octubre, Festival Tecate, Parque Ecol\u00f3gico, Puebla, M\u00e9xico<\/li>\n<li>27 de octubre, 20 hs. Foro Novecientosiete, Nueva Galicia # 135, Centro de Guadalajara, M\u00e9xico<\/li>\n<li>29 de octubre, 21 hs. Foro Hilvana, Av. M\u00e9xico Tenochtitlan con Buenavista, Ciudad de M\u00e9xico<\/li>\n<\/ul>\n","protected":false},"excerpt":{"rendered":"<p>Banda Conmoci\u00f3n es una agrupaci\u00f3n de 15 artistas en escena (14 m\u00fasicos, m\u00e1s un diablo\/figur\u00edn) que este a\u00f1o 2022 est\u00e1 celebrando sus 21 a\u00f1os de trayectoria. En formato banda instrumental de bronces con una potente base de percusiones, ha incorporado nuevos sonidos que contribuyen a elaborar una propuesta propia, \u00fanica y representativa de las m\u00fasicas [&hellip;]<\/p>\n","protected":false},"author":1,"featured_media":13624,"comment_status":"closed","ping_status":"closed","sticky":false,"template":"","format":"standard","meta":{"footnotes":""},"categories":[53],"tags":[],"class_list":["post-13555","post","type-post","status-publish","format-standard","has-post-thumbnail","hentry","category-noticias-generales"],"lang":"es","translations":{"es":13555,"pt":13557},"pll_sync_post":[],"post_mailing_queue_ids":[],"_links":{"self":[{"href":"http:\/\/staging.ibermusicas.org\/index.php\/wp-json\/wp\/v2\/posts\/13555","targetHints":{"allow":["GET"]}}],"collection":[{"href":"http:\/\/staging.ibermusicas.org\/index.php\/wp-json\/wp\/v2\/posts"}],"about":[{"href":"http:\/\/staging.ibermusicas.org\/index.php\/wp-json\/wp\/v2\/types\/post"}],"author":[{"embeddable":true,"href":"http:\/\/staging.ibermusicas.org\/index.php\/wp-json\/wp\/v2\/users\/1"}],"replies":[{"embeddable":true,"href":"http:\/\/staging.ibermusicas.org\/index.php\/wp-json\/wp\/v2\/comments?post=13555"}],"version-history":[{"count":1,"href":"http:\/\/staging.ibermusicas.org\/index.php\/wp-json\/wp\/v2\/posts\/13555\/revisions"}],"predecessor-version":[{"id":13556,"href":"http:\/\/staging.ibermusicas.org\/index.php\/wp-json\/wp\/v2\/posts\/13555\/revisions\/13556"}],"wp:featuredmedia":[{"embeddable":true,"href":"http:\/\/staging.ibermusicas.org\/index.php\/wp-json\/wp\/v2\/media\/13624"}],"wp:attachment":[{"href":"http:\/\/staging.ibermusicas.org\/index.php\/wp-json\/wp\/v2\/media?parent=13555"}],"wp:term":[{"taxonomy":"category","embeddable":true,"href":"http:\/\/staging.ibermusicas.org\/index.php\/wp-json\/wp\/v2\/categories?post=13555"},{"taxonomy":"post_tag","embeddable":true,"href":"http:\/\/staging.ibermusicas.org\/index.php\/wp-json\/wp\/v2\/tags?post=13555"}],"curies":[{"name":"wp","href":"https:\/\/api.w.org\/{rel}","templated":true}]}}