{"id":13561,"date":"2022-10-14T20:39:03","date_gmt":"2022-10-14T20:39:03","guid":{"rendered":"http:\/\/staging.ibermusicas.org\/?p=13561"},"modified":"2022-10-21T18:56:23","modified_gmt":"2022-10-21T18:56:23","slug":"o-cantor-de-tango-uruguaio-tabare-leyton-se-apresentara-na-espanha-e-em-portugal-com-seu-show-hoy-me-ven-volver","status":"publish","type":"post","link":"http:\/\/staging.ibermusicas.org\/index.php\/o-cantor-de-tango-uruguaio-tabare-leyton-se-apresentara-na-espanha-e-em-portugal-com-seu-show-hoy-me-ven-volver\/","title":{"rendered":"O cantor de tango uruguaio Tabar\u00e9 Leyton se apresentar\u00e1 na Espanha e em Portugal com seu show \u00abHoy me ven volver\u00bb"},"content":{"rendered":"<p>O grande cantor-compositor criollo, Tabar\u00e9 Leyton, apresenta \u00abHoy me ven volver\u00bb, com um repert\u00f3rio de can\u00e7\u00f5es do passado e novas composi\u00e7\u00f5es que far\u00e3o parte de seu pr\u00f3ximo \u00e1lbum \u00abCriollo\u00bb. Amalia De la Vega, Carlos Gardel, Agust\u00edn Magaldi, entre outros, se encontrar\u00e3o e nos refletir\u00e3o em suas can\u00e7\u00f5es. Ele \u00e9 acompanhado pelo requintado violonista uruguaio: Carlos G\u00f3mez.<\/p>\n<p>&nbsp;<\/p>\n<p>Tabar\u00e9 Leyton \u00e9 um cantor de tango, compositor e murguista nascido em Montevid\u00e9u, Uruguai, em 1976. Com \u00f3culos pretos e uma est\u00e9tica rock &#8211; g\u00eanero que ele adora -, Tabar\u00e9 Leyton \u00e9 um dos referentes da nova gera\u00e7\u00e3o de m\u00fasicos de tango, que procuram atualizar o ritmo rioplatense.<\/p>\n<p>&nbsp;<\/p>\n<p>Ele tem tr\u00eas \u00e1lbuns premiados. Ele se apresentou nos principais locais e festivais do mundo: Luna Park, CCK, Sol\u00eds, Centen\u00e1rio; Festival de Granada, Sein\u00e4joki; a ONU em Paris, entre outros.<\/p>\n<p>&nbsp;<\/p>\n<p>&nbsp;<\/p>\n<p>22 de outubro, 21 horas. Soberao Jazz &#8211; Dos Hermanas, Espanha<\/p>\n<p>23 de outubro, And\u00fajar, Espanha<\/p>\n<p>6 de novembro, 18 horas Masterclass, Portugal<\/p>\n<p>9 de novembro, 21h30 Apresenta\u00e7\u00e3o na Boutique da Cultura &#8211; Lisboa, Portugal<\/p>\n<p>11 de novembro, 19:30hs. Colegio Mayor Argentino &#8211; Madrid, Espanha<\/p>\n<p>12 de novembro, 21h. Tango Vivo Barcelona &#8211; Barcelona, Espanha<\/p>\n<p>15 de novembro, 21 horas. Cueva de lobos &#8211; Barcelona, Espanha<\/p>\n","protected":false},"excerpt":{"rendered":"<p>O grande cantor-compositor criollo, Tabar\u00e9 Leyton, apresenta \u00abHoy me ven volver\u00bb, com um repert\u00f3rio de can\u00e7\u00f5es do passado e novas composi\u00e7\u00f5es que far\u00e3o parte de seu pr\u00f3ximo \u00e1lbum \u00abCriollo\u00bb. Amalia De la Vega, Carlos Gardel, Agust\u00edn Magaldi, entre outros, se encontrar\u00e3o e nos refletir\u00e3o em suas can\u00e7\u00f5es. Ele \u00e9 acompanhado pelo requintado violonista uruguaio: Carlos [&hellip;]<\/p>\n","protected":false},"author":1,"featured_media":13641,"comment_status":"closed","ping_status":"closed","sticky":false,"template":"","format":"standard","meta":{"footnotes":""},"categories":[218],"tags":[],"class_list":["post-13561","post","type-post","status-publish","format-standard","has-post-thumbnail","hentry","category-noticias-generales-pt"],"lang":"pt","translations":{"pt":13561,"es":13559},"pll_sync_post":[],"post_mailing_queue_ids":[],"_links":{"self":[{"href":"http:\/\/staging.ibermusicas.org\/index.php\/wp-json\/wp\/v2\/posts\/13561","targetHints":{"allow":["GET"]}}],"collection":[{"href":"http:\/\/staging.ibermusicas.org\/index.php\/wp-json\/wp\/v2\/posts"}],"about":[{"href":"http:\/\/staging.ibermusicas.org\/index.php\/wp-json\/wp\/v2\/types\/post"}],"author":[{"embeddable":true,"href":"http:\/\/staging.ibermusicas.org\/index.php\/wp-json\/wp\/v2\/users\/1"}],"replies":[{"embeddable":true,"href":"http:\/\/staging.ibermusicas.org\/index.php\/wp-json\/wp\/v2\/comments?post=13561"}],"version-history":[{"count":1,"href":"http:\/\/staging.ibermusicas.org\/index.php\/wp-json\/wp\/v2\/posts\/13561\/revisions"}],"predecessor-version":[{"id":13562,"href":"http:\/\/staging.ibermusicas.org\/index.php\/wp-json\/wp\/v2\/posts\/13561\/revisions\/13562"}],"wp:featuredmedia":[{"embeddable":true,"href":"http:\/\/staging.ibermusicas.org\/index.php\/wp-json\/wp\/v2\/media\/13641"}],"wp:attachment":[{"href":"http:\/\/staging.ibermusicas.org\/index.php\/wp-json\/wp\/v2\/media?parent=13561"}],"wp:term":[{"taxonomy":"category","embeddable":true,"href":"http:\/\/staging.ibermusicas.org\/index.php\/wp-json\/wp\/v2\/categories?post=13561"},{"taxonomy":"post_tag","embeddable":true,"href":"http:\/\/staging.ibermusicas.org\/index.php\/wp-json\/wp\/v2\/tags?post=13561"}],"curies":[{"name":"wp","href":"https:\/\/api.w.org\/{rel}","templated":true}]}}