{"id":13563,"date":"2022-10-14T20:41:24","date_gmt":"2022-10-14T20:41:24","guid":{"rendered":"http:\/\/staging.ibermusicas.org\/?p=13563"},"modified":"2022-10-21T18:03:12","modified_gmt":"2022-10-21T18:03:12","slug":"la-magri-cantante-y-compositora-argentina-de-tango-presenta-su-nuevo-trabajo-despues-del-giro","status":"publish","type":"post","link":"http:\/\/staging.ibermusicas.org\/index.php\/la-magri-cantante-y-compositora-argentina-de-tango-presenta-su-nuevo-trabajo-despues-del-giro\/","title":{"rendered":"La Magri, cantante y compositora argentina de tango, presenta su nuevo trabajo \u201cDespu\u00e9s del Giro\u201d"},"content":{"rendered":"<p>En el marco de las presentaciones de \u201cDespu\u00e9s del Giro\u201d, tercer disco de la cantante y compositora Gisela Magri, se estrenar\u00e1 el microdocumental realizado por Alejandro Diez, reconocido vide\u00f3grafo marplatense. Esta pieza audiovisual registra el proceso de trabajo junto a Noelia Sinkunas, productora musical del disco, y el recorrido por los veinte a\u00f1os de trabajo de Gisela Magri como artista.<\/p>\n<p>&nbsp;<\/p>\n<p>El audiovisual completo podr\u00e1 verse en vivo como antesala de este nuevo concierto de presentaci\u00f3n que tambi\u00e9n incluir\u00e1 en este caso una selecci\u00f3n de canciones junto a participantes invitadas e invitados a sus dos trabajos discogr\u00e1ficos anteriores.<\/p>\n<p>&nbsp;<\/p>\n<p>La producci\u00f3n y arreglos estuvieron a cargo de la pianista y compositora Noelia Sinkunas, secundada por Milagros Caliva en bandone\u00f3n, Juan Mart\u00edn Scalerandi en guitarra y Julian Di Pietro en las intervenciones digitales. Adem\u00e1s, participaron: Julieta Laso y Hern\u00e1n \u201cCucuza\u201d Castiello. El trabajo es un mapa posible de la relaci\u00f3n de Magri con el tango, de c\u00f3mo lo habita, y es, a la vez, una bit\u00e1cora que incluye deseos de los caminos a recorrer. Su sonoridad es, en gran parte, ac\u00fastica y tradicional, pero hacia el tramo final apuesta a la experimentaci\u00f3n t\u00edmbrica y el uso de recursos digitales, una invitaci\u00f3n est\u00e9tica para seguir profundizando en ese tango del futuro.<\/p>\n<p>&nbsp;<\/p>\n<p>Gisela Magri se reapropia de piezas cl\u00e1sicas del g\u00e9nero, haci\u00e9ndolas converger con tangos del cancionero actual y tangos propios que miran al futuro.<\/p>\n<p>&nbsp;<\/p>\n<p>S\u00e1bado 22 de octubre, 21 hs. Facultad de Artes de la UNLP, diagonal 78 y Plaza Rocha, Ciudad\u00a0 de\u00a0 La Plata, Provincia de Buenos Aires, Argentina<\/p>\n","protected":false},"excerpt":{"rendered":"<p>En el marco de las presentaciones de \u201cDespu\u00e9s del Giro\u201d, tercer disco de la cantante y compositora Gisela Magri, se estrenar\u00e1 el microdocumental realizado por Alejandro Diez, reconocido vide\u00f3grafo marplatense. Esta pieza audiovisual registra el proceso de trabajo junto a Noelia Sinkunas, productora musical del disco, y el recorrido por los veinte a\u00f1os de trabajo [&hellip;]<\/p>\n","protected":false},"author":1,"featured_media":13627,"comment_status":"closed","ping_status":"closed","sticky":false,"template":"","format":"standard","meta":{"footnotes":""},"categories":[53],"tags":[],"class_list":["post-13563","post","type-post","status-publish","format-standard","has-post-thumbnail","hentry","category-noticias-generales"],"lang":"es","translations":{"es":13563,"pt":13565},"pll_sync_post":[],"post_mailing_queue_ids":[],"_links":{"self":[{"href":"http:\/\/staging.ibermusicas.org\/index.php\/wp-json\/wp\/v2\/posts\/13563","targetHints":{"allow":["GET"]}}],"collection":[{"href":"http:\/\/staging.ibermusicas.org\/index.php\/wp-json\/wp\/v2\/posts"}],"about":[{"href":"http:\/\/staging.ibermusicas.org\/index.php\/wp-json\/wp\/v2\/types\/post"}],"author":[{"embeddable":true,"href":"http:\/\/staging.ibermusicas.org\/index.php\/wp-json\/wp\/v2\/users\/1"}],"replies":[{"embeddable":true,"href":"http:\/\/staging.ibermusicas.org\/index.php\/wp-json\/wp\/v2\/comments?post=13563"}],"version-history":[{"count":2,"href":"http:\/\/staging.ibermusicas.org\/index.php\/wp-json\/wp\/v2\/posts\/13563\/revisions"}],"predecessor-version":[{"id":13626,"href":"http:\/\/staging.ibermusicas.org\/index.php\/wp-json\/wp\/v2\/posts\/13563\/revisions\/13626"}],"wp:featuredmedia":[{"embeddable":true,"href":"http:\/\/staging.ibermusicas.org\/index.php\/wp-json\/wp\/v2\/media\/13627"}],"wp:attachment":[{"href":"http:\/\/staging.ibermusicas.org\/index.php\/wp-json\/wp\/v2\/media?parent=13563"}],"wp:term":[{"taxonomy":"category","embeddable":true,"href":"http:\/\/staging.ibermusicas.org\/index.php\/wp-json\/wp\/v2\/categories?post=13563"},{"taxonomy":"post_tag","embeddable":true,"href":"http:\/\/staging.ibermusicas.org\/index.php\/wp-json\/wp\/v2\/tags?post=13563"}],"curies":[{"name":"wp","href":"https:\/\/api.w.org\/{rel}","templated":true}]}}