{"id":13565,"date":"2022-10-14T20:43:21","date_gmt":"2022-10-14T20:43:21","guid":{"rendered":"http:\/\/staging.ibermusicas.org\/?p=13565"},"modified":"2022-10-21T18:58:07","modified_gmt":"2022-10-21T18:58:07","slug":"la-magri-cantora-e-compositora-de-tango-argentina-apresenta-sua-nova-obra-despues-del-giro","status":"publish","type":"post","link":"http:\/\/staging.ibermusicas.org\/index.php\/la-magri-cantora-e-compositora-de-tango-argentina-apresenta-sua-nova-obra-despues-del-giro\/","title":{"rendered":"La Magri, cantora e compositora de tango argentina, apresenta sua nova obra \u00abDespu\u00e9s del Giro\u00bb"},"content":{"rendered":"<p>Como parte das apresenta\u00e7\u00f5es de \u00abDespu\u00e9s del Giro\u00bb, o terceiro \u00e1lbum da cantora e compositora Gisela Magri, o microdocument\u00e1rio feito por Alejandro Diez, conhecido vide\u00f3grafo de Mar del Plata, ser\u00e1 estreado. Esta pe\u00e7a audiovisual registra o processo de trabalho junto com Noelia Sinkunas, produtora musical do \u00e1lbum, e a viagem atrav\u00e9s dos vinte anos do trabalho de Gisela Magri como artista.<\/p>\n<p>&nbsp;<\/p>\n<p>O audiovisual completo pode ser visto ao vivo como um prel\u00fadio para este novo concerto de apresenta\u00e7\u00e3o, que tamb\u00e9m incluir\u00e1 uma sele\u00e7\u00e3o de m\u00fasicas com participantes convidados de seus dois \u00e1lbuns anteriores.<\/p>\n<p>&nbsp;<\/p>\n<p>A produ\u00e7\u00e3o e arranjos ficaram a cargo da pianista e compositora Noelia Sinkunas, apoiada por Milagros Caliva no bandoneon, Juan Mart\u00edn Scalerandi na guitarra e Julian Di Pietro nas interven\u00e7\u00f5es digitais. Tamb\u00e9m participaram: Julieta Laso e Hern\u00e1n \u00abCucuza\u00bb Castiello. O trabalho \u00e9 um mapa poss\u00edvel da rela\u00e7\u00e3o de Magri com o tango, de como ele o habita, e \u00e9, ao mesmo tempo, um di\u00e1rio de bordo que inclui os desejos dos caminhos a percorrer. Sua sonoridade \u00e9, em grande parte, ac\u00fastica e tradicional, mas na reta final ela aposta na experimenta\u00e7\u00e3o do timbre e no uso de recursos digitais, um convite est\u00e9tico para continuar mergulhando no tango do futuro.<\/p>\n<p>&nbsp;<\/p>\n<p>Gisela Magri reapropria-se de pe\u00e7as cl\u00e1ssicas do g\u00eanero, fazendo-as convergir com tangos do cancioneiro atual e seus pr\u00f3prios tangos que olham para o futuro.<\/p>\n<p>&nbsp;<\/p>\n<p>S\u00e1bado, 22 de outubro, 21 horas. Faculdade de Letras da UNLP, Diagonal 78 e Plaza Rocha, Cidade de La Plata, Prov\u00edncia de Buenos Aires, Argentina.<\/p>\n<p>&nbsp;<\/p>\n","protected":false},"excerpt":{"rendered":"<p>Como parte das apresenta\u00e7\u00f5es de \u00abDespu\u00e9s del Giro\u00bb, o terceiro \u00e1lbum da cantora e compositora Gisela Magri, o microdocument\u00e1rio feito por Alejandro Diez, conhecido vide\u00f3grafo de Mar del Plata, ser\u00e1 estreado. Esta pe\u00e7a audiovisual registra o processo de trabalho junto com Noelia Sinkunas, produtora musical do \u00e1lbum, e a viagem atrav\u00e9s dos vinte anos do [&hellip;]<\/p>\n","protected":false},"author":1,"featured_media":13642,"comment_status":"closed","ping_status":"closed","sticky":false,"template":"","format":"standard","meta":{"footnotes":""},"categories":[218],"tags":[],"class_list":["post-13565","post","type-post","status-publish","format-standard","has-post-thumbnail","hentry","category-noticias-generales-pt"],"lang":"pt","translations":{"pt":13565,"es":13563},"pll_sync_post":[],"post_mailing_queue_ids":[],"_links":{"self":[{"href":"http:\/\/staging.ibermusicas.org\/index.php\/wp-json\/wp\/v2\/posts\/13565","targetHints":{"allow":["GET"]}}],"collection":[{"href":"http:\/\/staging.ibermusicas.org\/index.php\/wp-json\/wp\/v2\/posts"}],"about":[{"href":"http:\/\/staging.ibermusicas.org\/index.php\/wp-json\/wp\/v2\/types\/post"}],"author":[{"embeddable":true,"href":"http:\/\/staging.ibermusicas.org\/index.php\/wp-json\/wp\/v2\/users\/1"}],"replies":[{"embeddable":true,"href":"http:\/\/staging.ibermusicas.org\/index.php\/wp-json\/wp\/v2\/comments?post=13565"}],"version-history":[{"count":1,"href":"http:\/\/staging.ibermusicas.org\/index.php\/wp-json\/wp\/v2\/posts\/13565\/revisions"}],"predecessor-version":[{"id":13566,"href":"http:\/\/staging.ibermusicas.org\/index.php\/wp-json\/wp\/v2\/posts\/13565\/revisions\/13566"}],"wp:featuredmedia":[{"embeddable":true,"href":"http:\/\/staging.ibermusicas.org\/index.php\/wp-json\/wp\/v2\/media\/13642"}],"wp:attachment":[{"href":"http:\/\/staging.ibermusicas.org\/index.php\/wp-json\/wp\/v2\/media?parent=13565"}],"wp:term":[{"taxonomy":"category","embeddable":true,"href":"http:\/\/staging.ibermusicas.org\/index.php\/wp-json\/wp\/v2\/categories?post=13565"},{"taxonomy":"post_tag","embeddable":true,"href":"http:\/\/staging.ibermusicas.org\/index.php\/wp-json\/wp\/v2\/tags?post=13565"}],"curies":[{"name":"wp","href":"https:\/\/api.w.org\/{rel}","templated":true}]}}