{"id":13567,"date":"2022-10-14T20:44:49","date_gmt":"2022-10-14T20:44:49","guid":{"rendered":"http:\/\/staging.ibermusicas.org\/?p=13567"},"modified":"2022-10-21T18:04:16","modified_gmt":"2022-10-21T18:04:16","slug":"la-gran-interprete-peruana-miryam-quinones-se-presentara-en-la-edicion-argentina-del-festival-sonamos-latinoamerica","status":"publish","type":"post","link":"http:\/\/staging.ibermusicas.org\/index.php\/la-gran-interprete-peruana-miryam-quinones-se-presentara-en-la-edicion-argentina-del-festival-sonamos-latinoamerica\/","title":{"rendered":"La gran int\u00e9rprete peruana Miryam Qui\u00f1ones se presentar\u00e1 en la edici\u00f3n Argentina del Festival Sonamos Latinoam\u00e9rica"},"content":{"rendered":"<p>Miryam Qui\u00f1ones es una tenaz difusora de la canci\u00f3n de autor contempor\u00e1nea. Recorre el mundo con su arte, intentando ofrecer una propuesta cimentada en la belleza de la poes\u00eda y en el compromiso de un canto humano, que busca dejar un aporte, algo bueno en aquel que lo est\u00e9 escuchando.<\/p>\n<p>&nbsp;<\/p>\n<p>Se ha presentado en 21 pa\u00edses con su canto. Tiene 8 discos, entre los que destacan \u2018Con el Alma en Vilo&#8217; (con invitados de la talla de Silvio Rodr\u00edguez, entre otros grandes cantores); y &#8216;Las flores buenas de Javier (homenaje al poeta Javier Heraud, grabado en Cuba junto al maestro Vicente Feli\u00fa). En 2017 recibi\u00f3 una distinci\u00f3n por su &#8216;Excelente Labor Cultural&#8217;, otorgada por el Congreso de la Rep\u00fablica del Per\u00fa, siendo posteriormente designada Licenciataria de la Marca Pa\u00eds por PromPer\u00fa. En 2021 su proyecto &#8216;Miryam Qui\u00f1ones canta Autores Peruanos&#8217;, obtuvo\u00a0 oficialmente el Sello Bicentenario del Per\u00fa.<\/p>\n<p>&nbsp;<\/p>\n<p>&nbsp;<\/p>\n<ul>\n<li>S\u00e1bado 29 de octubre, Sala Lavard\u00e9n, Rosario, Provincia de Santa Fe, Argentina<\/li>\n<\/ul>\n<p>Domingo 30 de octubre, Centro Cultural Provincial de Santa Fe, Argentina<\/p>\n","protected":false},"excerpt":{"rendered":"<p>Miryam Qui\u00f1ones es una tenaz difusora de la canci\u00f3n de autor contempor\u00e1nea. Recorre el mundo con su arte, intentando ofrecer una propuesta cimentada en la belleza de la poes\u00eda y en el compromiso de un canto humano, que busca dejar un aporte, algo bueno en aquel que lo est\u00e9 escuchando. &nbsp; Se ha presentado en [&hellip;]<\/p>\n","protected":false},"author":1,"featured_media":13628,"comment_status":"closed","ping_status":"closed","sticky":false,"template":"","format":"standard","meta":{"footnotes":""},"categories":[53],"tags":[],"class_list":["post-13567","post","type-post","status-publish","format-standard","has-post-thumbnail","hentry","category-noticias-generales"],"lang":"es","translations":{"es":13567,"pt":13569},"pll_sync_post":[],"post_mailing_queue_ids":[],"_links":{"self":[{"href":"http:\/\/staging.ibermusicas.org\/index.php\/wp-json\/wp\/v2\/posts\/13567","targetHints":{"allow":["GET"]}}],"collection":[{"href":"http:\/\/staging.ibermusicas.org\/index.php\/wp-json\/wp\/v2\/posts"}],"about":[{"href":"http:\/\/staging.ibermusicas.org\/index.php\/wp-json\/wp\/v2\/types\/post"}],"author":[{"embeddable":true,"href":"http:\/\/staging.ibermusicas.org\/index.php\/wp-json\/wp\/v2\/users\/1"}],"replies":[{"embeddable":true,"href":"http:\/\/staging.ibermusicas.org\/index.php\/wp-json\/wp\/v2\/comments?post=13567"}],"version-history":[{"count":1,"href":"http:\/\/staging.ibermusicas.org\/index.php\/wp-json\/wp\/v2\/posts\/13567\/revisions"}],"predecessor-version":[{"id":13568,"href":"http:\/\/staging.ibermusicas.org\/index.php\/wp-json\/wp\/v2\/posts\/13567\/revisions\/13568"}],"wp:featuredmedia":[{"embeddable":true,"href":"http:\/\/staging.ibermusicas.org\/index.php\/wp-json\/wp\/v2\/media\/13628"}],"wp:attachment":[{"href":"http:\/\/staging.ibermusicas.org\/index.php\/wp-json\/wp\/v2\/media?parent=13567"}],"wp:term":[{"taxonomy":"category","embeddable":true,"href":"http:\/\/staging.ibermusicas.org\/index.php\/wp-json\/wp\/v2\/categories?post=13567"},{"taxonomy":"post_tag","embeddable":true,"href":"http:\/\/staging.ibermusicas.org\/index.php\/wp-json\/wp\/v2\/tags?post=13567"}],"curies":[{"name":"wp","href":"https:\/\/api.w.org\/{rel}","templated":true}]}}