{"id":13569,"date":"2022-10-14T20:47:22","date_gmt":"2022-10-14T20:47:22","guid":{"rendered":"http:\/\/staging.ibermusicas.org\/?p=13569"},"modified":"2022-10-21T19:00:16","modified_gmt":"2022-10-21T19:00:16","slug":"la-gran-interprete-peruana-miryam-quinones-se-presentara-en-la-edicion-argentina-del-festival-sonamos-latinoamerica-2","status":"publish","type":"post","link":"http:\/\/staging.ibermusicas.org\/index.php\/la-gran-interprete-peruana-miryam-quinones-se-presentara-en-la-edicion-argentina-del-festival-sonamos-latinoamerica-2\/","title":{"rendered":"A grande cantora peruana Miryam Qui\u00f1ones se apresentar\u00e1 na edi\u00e7\u00e3o argentina do Festival Sonamos Latinoam\u00e9rica"},"content":{"rendered":"<p>Miryam Qui\u00f1ones \u00e9 uma tenaz promotora das can\u00e7\u00f5es dos cantores-compositores contempor\u00e2neos. Ela viaja pelo mundo com sua arte, tentando oferecer uma proposta baseada na beleza da poesia e no compromisso de uma can\u00e7\u00e3o humana, que procura deixar uma contribui\u00e7\u00e3o, algo bom em quem quer que a escute.<\/p>\n<p>&nbsp;<\/p>\n<p>Ela j\u00e1 se apresentou em 21 pa\u00edses com seu canto. Tem 8 \u00e1lbuns, incluindo &#8216;Con el Alma en Vilo&#8217; (com convidados da estatura de Silvio Rodr\u00edguez, entre outros grandes cantores); e &#8216;Las flores buenas de Javier&#8217; (uma homenagem ao poeta Javier Heraud, gravada em Cuba com o maestro Vicente Feli\u00fa). Em 2017 ela recebeu uma distin\u00e7\u00e3o por seu \u00abExcelente Trabalho Cultural\u00bb, concedido pelo Congresso da Rep\u00fablica do Peru, e posteriormente foi designada como Licenciada pela Marca PromPer\u00fa. Em 2021 seu projeto \u00abMiryam Qui\u00f1ones canta Autores Peruanos\u00bb, obteve oficialmente o Carimbo Bicenten\u00e1rio do Peru.<\/p>\n<p>&nbsp;<\/p>\n<ul>\n<li>S\u00e1bado, 29 de outubro, Sala Lavard\u00e9n, Ros\u00e1rio, Prov\u00edncia de Santa F\u00e9, Argentina.<\/li>\n<li>Domingo 30 de outubro, Centro Cultural Provincial de Santa F\u00e9, Argentina.<\/li>\n<\/ul>\n","protected":false},"excerpt":{"rendered":"<p>Miryam Qui\u00f1ones \u00e9 uma tenaz promotora das can\u00e7\u00f5es dos cantores-compositores contempor\u00e2neos. Ela viaja pelo mundo com sua arte, tentando oferecer uma proposta baseada na beleza da poesia e no compromisso de uma can\u00e7\u00e3o humana, que procura deixar uma contribui\u00e7\u00e3o, algo bom em quem quer que a escute. &nbsp; Ela j\u00e1 se apresentou em 21 pa\u00edses [&hellip;]<\/p>\n","protected":false},"author":1,"featured_media":13643,"comment_status":"closed","ping_status":"closed","sticky":false,"template":"","format":"standard","meta":{"footnotes":""},"categories":[218],"tags":[],"class_list":["post-13569","post","type-post","status-publish","format-standard","has-post-thumbnail","hentry","category-noticias-generales-pt"],"lang":"pt","translations":{"pt":13569,"es":13567},"pll_sync_post":[],"post_mailing_queue_ids":[],"_links":{"self":[{"href":"http:\/\/staging.ibermusicas.org\/index.php\/wp-json\/wp\/v2\/posts\/13569","targetHints":{"allow":["GET"]}}],"collection":[{"href":"http:\/\/staging.ibermusicas.org\/index.php\/wp-json\/wp\/v2\/posts"}],"about":[{"href":"http:\/\/staging.ibermusicas.org\/index.php\/wp-json\/wp\/v2\/types\/post"}],"author":[{"embeddable":true,"href":"http:\/\/staging.ibermusicas.org\/index.php\/wp-json\/wp\/v2\/users\/1"}],"replies":[{"embeddable":true,"href":"http:\/\/staging.ibermusicas.org\/index.php\/wp-json\/wp\/v2\/comments?post=13569"}],"version-history":[{"count":2,"href":"http:\/\/staging.ibermusicas.org\/index.php\/wp-json\/wp\/v2\/posts\/13569\/revisions"}],"predecessor-version":[{"id":13571,"href":"http:\/\/staging.ibermusicas.org\/index.php\/wp-json\/wp\/v2\/posts\/13569\/revisions\/13571"}],"wp:featuredmedia":[{"embeddable":true,"href":"http:\/\/staging.ibermusicas.org\/index.php\/wp-json\/wp\/v2\/media\/13643"}],"wp:attachment":[{"href":"http:\/\/staging.ibermusicas.org\/index.php\/wp-json\/wp\/v2\/media?parent=13569"}],"wp:term":[{"taxonomy":"category","embeddable":true,"href":"http:\/\/staging.ibermusicas.org\/index.php\/wp-json\/wp\/v2\/categories?post=13569"},{"taxonomy":"post_tag","embeddable":true,"href":"http:\/\/staging.ibermusicas.org\/index.php\/wp-json\/wp\/v2\/tags?post=13569"}],"curies":[{"name":"wp","href":"https:\/\/api.w.org\/{rel}","templated":true}]}}