{"id":13576,"date":"2022-10-14T20:54:06","date_gmt":"2022-10-14T20:54:06","guid":{"rendered":"http:\/\/staging.ibermusicas.org\/?p=13576"},"modified":"2022-10-21T18:07:03","modified_gmt":"2022-10-21T18:07:03","slug":"la-agrupacion-ecuatoriana-la-malamana-lanza-su-nuevo-album-salvajemente","status":"publish","type":"post","link":"http:\/\/staging.ibermusicas.org\/index.php\/la-agrupacion-ecuatoriana-la-malamana-lanza-su-nuevo-album-salvajemente\/","title":{"rendered":"La agrupaci\u00f3n ecuatoriana La Malama\u00f1a lanza su nuevo \u00e1lbum \u201cSalvajemente\u201d"},"content":{"rendered":"<p>La Malama\u00f1a es un grupo de m\u00fasica independiente que a trav\u00e9s de la salsa y su herencia de resistencia afrolatina, compone un repertorio para escuchar, bailar y pensar.<\/p>\n<p>&nbsp;<\/p>\n<p>Nace en la ciudad de Quito &#8211; Ecuador en el a\u00f1o 2007 con esp\u00edritu de banda de barrio, recogiendo los sonidos de las orquestas de Nueva York de las d\u00e9cadas de los 70 y 80 y fusion\u00e1ndose con los diversos bagajes musicales de sus integrantes. En el 2011 lanzaron \u201cManual de Urbanidad y Buenas Costumbres\u201d un \u00e1lbum que recibi\u00f3 excelente cr\u00edtica nacional e internacional. Desde entonces ha realizado giras en China, Italia, Espa\u00f1a, Francia y Ecuador, compartiendo escenarios con reconocidos artistas como Ruben Blades y La 33. En el a\u00f1o 2015 formaron parte del \u00e1lbum compilatorio internacional \u201cSalsa de Hoy\u201d en colaboraci\u00f3n con grupos como La 33, Tromboranga y Orquesta el Macabeo y en el 2017 lanzaron el EP \u201cSalsa de Altura\u201d.<\/p>\n<p>&nbsp;<\/p>\n<p>La Malama\u00f1a inici\u00f3 un proceso de composici\u00f3n, producci\u00f3n, grabaci\u00f3n de su nuevo \u00e1lbum \u201cBichos\u201d, el cual integra 6 temas in\u00e9ditos.<\/p>\n<p>&nbsp;<\/p>\n<p>30 de octubre en Bandcamp<\/p>\n","protected":false},"excerpt":{"rendered":"<p>La Malama\u00f1a es un grupo de m\u00fasica independiente que a trav\u00e9s de la salsa y su herencia de resistencia afrolatina, compone un repertorio para escuchar, bailar y pensar. &nbsp; Nace en la ciudad de Quito &#8211; Ecuador en el a\u00f1o 2007 con esp\u00edritu de banda de barrio, recogiendo los sonidos de las orquestas de Nueva [&hellip;]<\/p>\n","protected":false},"author":1,"featured_media":13630,"comment_status":"closed","ping_status":"closed","sticky":false,"template":"","format":"standard","meta":{"footnotes":""},"categories":[53],"tags":[],"class_list":["post-13576","post","type-post","status-publish","format-standard","has-post-thumbnail","hentry","category-noticias-generales"],"lang":"es","translations":{"es":13576,"pt":13578},"pll_sync_post":[],"post_mailing_queue_ids":[],"_links":{"self":[{"href":"http:\/\/staging.ibermusicas.org\/index.php\/wp-json\/wp\/v2\/posts\/13576","targetHints":{"allow":["GET"]}}],"collection":[{"href":"http:\/\/staging.ibermusicas.org\/index.php\/wp-json\/wp\/v2\/posts"}],"about":[{"href":"http:\/\/staging.ibermusicas.org\/index.php\/wp-json\/wp\/v2\/types\/post"}],"author":[{"embeddable":true,"href":"http:\/\/staging.ibermusicas.org\/index.php\/wp-json\/wp\/v2\/users\/1"}],"replies":[{"embeddable":true,"href":"http:\/\/staging.ibermusicas.org\/index.php\/wp-json\/wp\/v2\/comments?post=13576"}],"version-history":[{"count":1,"href":"http:\/\/staging.ibermusicas.org\/index.php\/wp-json\/wp\/v2\/posts\/13576\/revisions"}],"predecessor-version":[{"id":13577,"href":"http:\/\/staging.ibermusicas.org\/index.php\/wp-json\/wp\/v2\/posts\/13576\/revisions\/13577"}],"wp:featuredmedia":[{"embeddable":true,"href":"http:\/\/staging.ibermusicas.org\/index.php\/wp-json\/wp\/v2\/media\/13630"}],"wp:attachment":[{"href":"http:\/\/staging.ibermusicas.org\/index.php\/wp-json\/wp\/v2\/media?parent=13576"}],"wp:term":[{"taxonomy":"category","embeddable":true,"href":"http:\/\/staging.ibermusicas.org\/index.php\/wp-json\/wp\/v2\/categories?post=13576"},{"taxonomy":"post_tag","embeddable":true,"href":"http:\/\/staging.ibermusicas.org\/index.php\/wp-json\/wp\/v2\/tags?post=13576"}],"curies":[{"name":"wp","href":"https:\/\/api.w.org\/{rel}","templated":true}]}}