{"id":13578,"date":"2022-10-14T20:55:56","date_gmt":"2022-10-14T20:55:56","guid":{"rendered":"http:\/\/staging.ibermusicas.org\/?p=13578"},"modified":"2022-10-21T19:03:12","modified_gmt":"2022-10-21T19:03:12","slug":"a-banda-equatoriana-la-malamana-lanca-o-novo-album-salvajemente","status":"publish","type":"post","link":"http:\/\/staging.ibermusicas.org\/index.php\/a-banda-equatoriana-la-malamana-lanca-o-novo-album-salvajemente\/","title":{"rendered":"A banda equatoriana La Malama\u00f1a lan\u00e7a o novo \u00e1lbum \u00abSalvajemente\u00bb"},"content":{"rendered":"<p>La Malama\u00f1a \u00e9 um grupo musical independente que, atrav\u00e9s da salsa e sua heran\u00e7a de resist\u00eancia afro-latina, comp\u00f5e um repert\u00f3rio para ouvir, dan\u00e7ar e pensar.<\/p>\n<p>&nbsp;<\/p>\n<p>Nasceu na cidade de Quito &#8211; Equador em 2007 com o esp\u00edrito de uma banda de bairro, captando os sons das orquestras nova-iorquinas dos anos 70 e 80 e fundindo-os com as diversas forma\u00e7\u00f5es musicais de seus membros. Em 2011 lan\u00e7aram o \u00abManual de Urbanidad y Buenas Costumbres\u00bb, um \u00e1lbum que recebeu excelentes resenhas nacionais e internacionais. Desde ent\u00e3o, eles visitaram a China, It\u00e1lia, Espanha, Fran\u00e7a e Equador, compartilhando palcos com artistas renomados como Ruben Blades e La 33. Em 2015 fizeram parte do \u00e1lbum de compila\u00e7\u00e3o internacional \u00abSalsa de Hoy\u00bb em colabora\u00e7\u00e3o com grupos como La 33, Tromboranga e Orquesta el Macabeo e em 2017 lan\u00e7aram o EP \u00abSalsa de Altura\u00bb.<\/p>\n<p>&nbsp;<\/p>\n<p>La Malama\u00f1a iniciou um processo de composi\u00e7\u00e3o, produ\u00e7\u00e3o e grava\u00e7\u00e3o de seu novo \u00e1lbum \u00abBichos\u00bb, que inclui 6 faixas in\u00e9ditas.<\/p>\n<p>&nbsp;<\/p>\n<p>&nbsp;<\/p>\n<p>30 de outubro en Bandcamp<\/p>\n","protected":false},"excerpt":{"rendered":"<p>La Malama\u00f1a \u00e9 um grupo musical independente que, atrav\u00e9s da salsa e sua heran\u00e7a de resist\u00eancia afro-latina, comp\u00f5e um repert\u00f3rio para ouvir, dan\u00e7ar e pensar. &nbsp; Nasceu na cidade de Quito &#8211; Equador em 2007 com o esp\u00edrito de uma banda de bairro, captando os sons das orquestras nova-iorquinas dos anos 70 e 80 e [&hellip;]<\/p>\n","protected":false},"author":1,"featured_media":13645,"comment_status":"closed","ping_status":"closed","sticky":false,"template":"","format":"standard","meta":{"footnotes":""},"categories":[218],"tags":[],"class_list":["post-13578","post","type-post","status-publish","format-standard","has-post-thumbnail","hentry","category-noticias-generales-pt"],"lang":"pt","translations":{"pt":13578,"es":13576},"pll_sync_post":[],"post_mailing_queue_ids":[],"_links":{"self":[{"href":"http:\/\/staging.ibermusicas.org\/index.php\/wp-json\/wp\/v2\/posts\/13578","targetHints":{"allow":["GET"]}}],"collection":[{"href":"http:\/\/staging.ibermusicas.org\/index.php\/wp-json\/wp\/v2\/posts"}],"about":[{"href":"http:\/\/staging.ibermusicas.org\/index.php\/wp-json\/wp\/v2\/types\/post"}],"author":[{"embeddable":true,"href":"http:\/\/staging.ibermusicas.org\/index.php\/wp-json\/wp\/v2\/users\/1"}],"replies":[{"embeddable":true,"href":"http:\/\/staging.ibermusicas.org\/index.php\/wp-json\/wp\/v2\/comments?post=13578"}],"version-history":[{"count":1,"href":"http:\/\/staging.ibermusicas.org\/index.php\/wp-json\/wp\/v2\/posts\/13578\/revisions"}],"predecessor-version":[{"id":13579,"href":"http:\/\/staging.ibermusicas.org\/index.php\/wp-json\/wp\/v2\/posts\/13578\/revisions\/13579"}],"wp:featuredmedia":[{"embeddable":true,"href":"http:\/\/staging.ibermusicas.org\/index.php\/wp-json\/wp\/v2\/media\/13645"}],"wp:attachment":[{"href":"http:\/\/staging.ibermusicas.org\/index.php\/wp-json\/wp\/v2\/media?parent=13578"}],"wp:term":[{"taxonomy":"category","embeddable":true,"href":"http:\/\/staging.ibermusicas.org\/index.php\/wp-json\/wp\/v2\/categories?post=13578"},{"taxonomy":"post_tag","embeddable":true,"href":"http:\/\/staging.ibermusicas.org\/index.php\/wp-json\/wp\/v2\/tags?post=13578"}],"curies":[{"name":"wp","href":"https:\/\/api.w.org\/{rel}","templated":true}]}}