{"id":13697,"date":"2022-11-01T13:46:41","date_gmt":"2022-11-01T13:46:41","guid":{"rendered":"http:\/\/staging.ibermusicas.org\/?p=13697"},"modified":"2022-11-24T22:42:37","modified_gmt":"2022-11-24T22:42:37","slug":"a-chamada-para-o-premio-brasil-ibermusicas-segue-aberta-ate-1o-de-novembro-de-2022","status":"publish","type":"post","link":"http:\/\/staging.ibermusicas.org\/index.php\/a-chamada-para-o-premio-brasil-ibermusicas-segue-aberta-ate-1o-de-novembro-de-2022\/","title":{"rendered":"A chamada para o pr\u00eamio brasil ibem\u00fasicas foi encerrada com sucesso em 1\u00ba de novembro de 2022"},"content":{"rendered":"<p>No dia 1\u00ba de novembro, encerrou-se a etapa de inscri\u00e7\u00e3o para o concurso, que visa reconhecer o m\u00e9rito de iniciativas ou espa\u00e7os dedicados ao longo dos anos \u00e0 divulga\u00e7\u00e3o da m\u00fasica brasileira na regi\u00e3o ibero-americana. Ser\u00e3o concedidos seis pr\u00eamios de cinco mil d\u00f3lares americanos.<\/p>\n","protected":false},"excerpt":{"rendered":"<p>No dia 1\u00ba de novembro, encerrou-se a etapa de inscri\u00e7\u00e3o para o concurso, que visa reconhecer o m\u00e9rito de iniciativas ou espa\u00e7os dedicados ao longo dos anos \u00e0 divulga\u00e7\u00e3o da m\u00fasica brasileira na regi\u00e3o ibero-americana. Ser\u00e3o concedidos seis pr\u00eamios de cinco mil d\u00f3lares americanos.<\/p>\n","protected":false},"author":1,"featured_media":13698,"comment_status":"closed","ping_status":"closed","sticky":false,"template":"","format":"standard","meta":{"footnotes":""},"categories":[218],"tags":[],"class_list":["post-13697","post","type-post","status-publish","format-standard","has-post-thumbnail","hentry","category-noticias-generales-pt"],"lang":"pt","translations":{"pt":13697},"pll_sync_post":[],"post_mailing_queue_ids":[],"_links":{"self":[{"href":"http:\/\/staging.ibermusicas.org\/index.php\/wp-json\/wp\/v2\/posts\/13697","targetHints":{"allow":["GET"]}}],"collection":[{"href":"http:\/\/staging.ibermusicas.org\/index.php\/wp-json\/wp\/v2\/posts"}],"about":[{"href":"http:\/\/staging.ibermusicas.org\/index.php\/wp-json\/wp\/v2\/types\/post"}],"author":[{"embeddable":true,"href":"http:\/\/staging.ibermusicas.org\/index.php\/wp-json\/wp\/v2\/users\/1"}],"replies":[{"embeddable":true,"href":"http:\/\/staging.ibermusicas.org\/index.php\/wp-json\/wp\/v2\/comments?post=13697"}],"version-history":[{"count":2,"href":"http:\/\/staging.ibermusicas.org\/index.php\/wp-json\/wp\/v2\/posts\/13697\/revisions"}],"predecessor-version":[{"id":13783,"href":"http:\/\/staging.ibermusicas.org\/index.php\/wp-json\/wp\/v2\/posts\/13697\/revisions\/13783"}],"wp:featuredmedia":[{"embeddable":true,"href":"http:\/\/staging.ibermusicas.org\/index.php\/wp-json\/wp\/v2\/media\/13698"}],"wp:attachment":[{"href":"http:\/\/staging.ibermusicas.org\/index.php\/wp-json\/wp\/v2\/media?parent=13697"}],"wp:term":[{"taxonomy":"category","embeddable":true,"href":"http:\/\/staging.ibermusicas.org\/index.php\/wp-json\/wp\/v2\/categories?post=13697"},{"taxonomy":"post_tag","embeddable":true,"href":"http:\/\/staging.ibermusicas.org\/index.php\/wp-json\/wp\/v2\/tags?post=13697"}],"curies":[{"name":"wp","href":"https:\/\/api.w.org\/{rel}","templated":true}]}}