{"id":13708,"date":"2022-10-31T17:25:38","date_gmt":"2022-10-31T17:25:38","guid":{"rendered":"http:\/\/staging.ibermusicas.org\/?p=13708"},"modified":"2022-11-30T14:49:53","modified_gmt":"2022-11-30T14:49:53","slug":"a-pianista-e-compositora-argentina-vero-bellini-apresenta-o-volume-1-de-la-cancion-de-las-poetas-uma-musicalizacao-de-obras-de-poetas-latino-americanas","status":"publish","type":"post","link":"http:\/\/staging.ibermusicas.org\/index.php\/a-pianista-e-compositora-argentina-vero-bellini-apresenta-o-volume-1-de-la-cancion-de-las-poetas-uma-musicalizacao-de-obras-de-poetas-latino-americanas\/","title":{"rendered":"A pianista e compositora argentina Vero Bellini apresenta o volume 1 de \u00abLa Canci\u00f3n de las Poetas\u00bb, uma musicaliza\u00e7\u00e3o de obras de poetas latino-americanas"},"content":{"rendered":"<p>La Canci\u00f3n de las Poetas\u00bb \u00e9 um disco onde as grandes poetas femininas do passado convergem com as cantoras mais relevantes do presente; poesia e m\u00fasica latino-americana unidas numa viagem pela m\u00fasica popular.<\/p>\n<p>&nbsp;<\/p>\n<p>H\u00e1 15 poemas de autoras latino-americanas transformados em can\u00e7\u00f5es ecl\u00e9ticas pela compositora Vero Bellini com a produ\u00e7\u00e3o vocal de Mavi D\u00edaz.<\/p>\n<p>&nbsp;<\/p>\n<p>Neste primeiro lan\u00e7amento de cinco can\u00e7\u00f5es, a cantora Hilda Lizarazu interpreta um poema de Josefina Pl\u00e1 (Paraguai), Ana Prada de Alfonsina Storni (Argentina), Julia Zenko de Idea Vilari\u00f1o (Uruguai), Luna Monti de Silvia Fern\u00e1ndez (Argentina), e Ligia Piro de Carilda Oliver Labra (Cuba).<\/p>\n<p>&nbsp;<\/p>\n<p>As poetas que fazem parte desta obra s\u00e3o, sem d\u00favida, \u00edcones na hist\u00f3ria da poesia latino-americana. E para al\u00e9m do seu inquestion\u00e1vel valor art\u00edstico, procurou-se que nesta selec\u00e7\u00e3o os poetas que marcaram nas suas vidas e no seu trabalho o caminho das lutas pelos direitos das mulheres, em muitos casos expressos nos poemas deste \u00e1lbum, estivessem presentes. Ao mesmo tempo, o objetivo era o de representar os diferentes pa\u00edses da Am\u00e9rica Latina atrav\u00e9s dos seus poetas.<\/p>\n<p>&nbsp;<\/p>\n<p>Para al\u00e9m das cantoras acima mencionadas, fazem parte desta obra: Ver\u00f3nica Bellini: composi\u00e7\u00e3o, arranjos instrumentais, direc\u00e7\u00e3o e piano, Mavi D\u00edaz: produ\u00e7\u00e3o e arranjos vocais, Daniel Maza: baixo el\u00e9ctrico, Horacio \u00abMono\u00bb Hurtado: contrabaixo, Irene Cadario: violino, Paula Pomeraniec: violoncelo, Dolores Mac Kenzie: viola, Marisol Andorr\u00e1: flauta baixo, Hern\u00e1n Reinaudo: guitarra, Ariel Arga\u00f1araz: guitarra, Nicol\u00e1s Enrich: bandoneon, Ra\u00fal Gutta: bateria e percuss\u00e3o e Almendra Marilao: backing vocals.<\/p>\n<p>&nbsp;<\/p>\n<p><a href=\"http:\/\/lnnk.in\/aCjk\">http:\/\/lnnk.in\/aCjk<\/a><\/p>\n<p><a href=\"https:\/\/orcd.co\/lacanciondelaspoetas1\">https:\/\/orcd.co\/lacanciondelaspoetas1<\/a><\/p>\n","protected":false},"excerpt":{"rendered":"<p>La Canci\u00f3n de las Poetas\u00bb \u00e9 um disco onde as grandes poetas femininas do passado convergem com as cantoras mais relevantes do presente; poesia e m\u00fasica latino-americana unidas numa viagem pela m\u00fasica popular. &nbsp; H\u00e1 15 poemas de autoras latino-americanas transformados em can\u00e7\u00f5es ecl\u00e9ticas pela compositora Vero Bellini com a produ\u00e7\u00e3o vocal de Mavi D\u00edaz. [&hellip;]<\/p>\n","protected":false},"author":1,"featured_media":13706,"comment_status":"closed","ping_status":"closed","sticky":false,"template":"","format":"standard","meta":{"footnotes":""},"categories":[218],"tags":[],"class_list":["post-13708","post","type-post","status-publish","format-standard","has-post-thumbnail","hentry","category-noticias-generales-pt"],"lang":"pt","translations":{"pt":13708,"es":13705},"pll_sync_post":[],"post_mailing_queue_ids":[],"_links":{"self":[{"href":"http:\/\/staging.ibermusicas.org\/index.php\/wp-json\/wp\/v2\/posts\/13708","targetHints":{"allow":["GET"]}}],"collection":[{"href":"http:\/\/staging.ibermusicas.org\/index.php\/wp-json\/wp\/v2\/posts"}],"about":[{"href":"http:\/\/staging.ibermusicas.org\/index.php\/wp-json\/wp\/v2\/types\/post"}],"author":[{"embeddable":true,"href":"http:\/\/staging.ibermusicas.org\/index.php\/wp-json\/wp\/v2\/users\/1"}],"replies":[{"embeddable":true,"href":"http:\/\/staging.ibermusicas.org\/index.php\/wp-json\/wp\/v2\/comments?post=13708"}],"version-history":[{"count":1,"href":"http:\/\/staging.ibermusicas.org\/index.php\/wp-json\/wp\/v2\/posts\/13708\/revisions"}],"predecessor-version":[{"id":13709,"href":"http:\/\/staging.ibermusicas.org\/index.php\/wp-json\/wp\/v2\/posts\/13708\/revisions\/13709"}],"wp:featuredmedia":[{"embeddable":true,"href":"http:\/\/staging.ibermusicas.org\/index.php\/wp-json\/wp\/v2\/media\/13706"}],"wp:attachment":[{"href":"http:\/\/staging.ibermusicas.org\/index.php\/wp-json\/wp\/v2\/media?parent=13708"}],"wp:term":[{"taxonomy":"category","embeddable":true,"href":"http:\/\/staging.ibermusicas.org\/index.php\/wp-json\/wp\/v2\/categories?post=13708"},{"taxonomy":"post_tag","embeddable":true,"href":"http:\/\/staging.ibermusicas.org\/index.php\/wp-json\/wp\/v2\/tags?post=13708"}],"curies":[{"name":"wp","href":"https:\/\/api.w.org\/{rel}","templated":true}]}}