{"id":13718,"date":"2022-10-31T17:31:24","date_gmt":"2022-10-31T17:31:24","guid":{"rendered":"http:\/\/staging.ibermusicas.org\/?p=13718"},"modified":"2022-11-30T14:49:45","modified_gmt":"2022-11-30T14:49:45","slug":"o-coro-usach-do-chile-fara-parte-do-programa-do-festival-ameride-2022-de-itabuja-brasil","status":"publish","type":"post","link":"http:\/\/staging.ibermusicas.org\/index.php\/o-coro-usach-do-chile-fara-parte-do-programa-do-festival-ameride-2022-de-itabuja-brasil\/","title":{"rendered":"O Coro USACH do Chile far\u00e1 parte do programa do Festival AMERIDE 2022 de Itabuj\u00e1, Brasil"},"content":{"rendered":"<p>O Coro da Universidade de Santiago do Chile ir\u00e1 atuar no Festival AMERIDE na cidade de Itajub\u00e1, no sul do Estado de Minas Gerais, Brasil.<\/p>\n<p>O Coro USACH \u00e9 um Coro Vocacional que pertence \u00e0 Unidade de Voca\u00e7\u00e3o Art\u00edstica da Vice-Reitoria de Apoio ao Estudante da Universidade de Santiago do Chile (USACH). Executa repert\u00f3rio coral universal, de diferentes per\u00edodos e estilos, incluindo o repert\u00f3rio sagrado contempor\u00e2neo, bem como composi\u00e7\u00f5es corais e vers\u00f5es de m\u00fasica chilena e latino-americana. \u00c9 composto por estudantes de gradua\u00e7\u00e3o de diferentes graus e faculdades da Universidade. Participa activamente no circuito coral da regi\u00e3o atrav\u00e9s de Encontros, Festivais e Concertos, bem como em cerim\u00f3nias institucionais.<\/p>\n<p>&nbsp;<\/p>\n<p>O Ameride nasceu de um projeto comum do venezuelano Alexander Albarr\u00e1n, Diretor Geral do Ameride, e do brasileiro Andr\u00e9 Carnevalli, em 2011. A ideia era desenvolver um evento socioeducativo de alta qualidade vocal e organizativa por meio da participa\u00e7\u00e3o de corais de toda a Am\u00e9rica Latina e se estendendo por toda a Iberoam\u00e9rica.<\/p>\n<p>&nbsp;<\/p>\n<p>2 de novembro, 19 p.m. Teatro Municipal de Chistiare Riera<\/p>\n<p>3 de novembro, 15 horas. Igreja Matriz de S\u00e3o Sebasti\u00e3o<\/p>\n<p>3 de novembro, 20 p.m. Teatro Municipal Chistiare Riera<\/p>\n<p>4 de novembro, 15 horas. Igreja Matriz de S\u00e3o Jos\u00e9<\/p>\n<p>5 de novembro, Concerto de Encerramento no Teatro Municipal Chistiane Riera<\/p>\n","protected":false},"excerpt":{"rendered":"<p>O Coro da Universidade de Santiago do Chile ir\u00e1 atuar no Festival AMERIDE na cidade de Itajub\u00e1, no sul do Estado de Minas Gerais, Brasil. O Coro USACH \u00e9 um Coro Vocacional que pertence \u00e0 Unidade de Voca\u00e7\u00e3o Art\u00edstica da Vice-Reitoria de Apoio ao Estudante da Universidade de Santiago do Chile (USACH). Executa repert\u00f3rio coral [&hellip;]<\/p>\n","protected":false},"author":1,"featured_media":13716,"comment_status":"closed","ping_status":"closed","sticky":false,"template":"","format":"standard","meta":{"footnotes":""},"categories":[218],"tags":[],"class_list":["post-13718","post","type-post","status-publish","format-standard","has-post-thumbnail","hentry","category-noticias-generales-pt"],"lang":"pt","translations":{"pt":13718,"es":13715},"pll_sync_post":[],"post_mailing_queue_ids":[],"_links":{"self":[{"href":"http:\/\/staging.ibermusicas.org\/index.php\/wp-json\/wp\/v2\/posts\/13718","targetHints":{"allow":["GET"]}}],"collection":[{"href":"http:\/\/staging.ibermusicas.org\/index.php\/wp-json\/wp\/v2\/posts"}],"about":[{"href":"http:\/\/staging.ibermusicas.org\/index.php\/wp-json\/wp\/v2\/types\/post"}],"author":[{"embeddable":true,"href":"http:\/\/staging.ibermusicas.org\/index.php\/wp-json\/wp\/v2\/users\/1"}],"replies":[{"embeddable":true,"href":"http:\/\/staging.ibermusicas.org\/index.php\/wp-json\/wp\/v2\/comments?post=13718"}],"version-history":[{"count":1,"href":"http:\/\/staging.ibermusicas.org\/index.php\/wp-json\/wp\/v2\/posts\/13718\/revisions"}],"predecessor-version":[{"id":13719,"href":"http:\/\/staging.ibermusicas.org\/index.php\/wp-json\/wp\/v2\/posts\/13718\/revisions\/13719"}],"wp:featuredmedia":[{"embeddable":true,"href":"http:\/\/staging.ibermusicas.org\/index.php\/wp-json\/wp\/v2\/media\/13716"}],"wp:attachment":[{"href":"http:\/\/staging.ibermusicas.org\/index.php\/wp-json\/wp\/v2\/media?parent=13718"}],"wp:term":[{"taxonomy":"category","embeddable":true,"href":"http:\/\/staging.ibermusicas.org\/index.php\/wp-json\/wp\/v2\/categories?post=13718"},{"taxonomy":"post_tag","embeddable":true,"href":"http:\/\/staging.ibermusicas.org\/index.php\/wp-json\/wp\/v2\/tags?post=13718"}],"curies":[{"name":"wp","href":"https:\/\/api.w.org\/{rel}","templated":true}]}}