{"id":13723,"date":"2022-10-31T17:34:32","date_gmt":"2022-10-31T17:34:32","guid":{"rendered":"http:\/\/staging.ibermusicas.org\/?p=13723"},"modified":"2022-11-30T14:49:37","modified_gmt":"2022-11-30T14:49:37","slug":"a-artista-argentina-naile-embarca-na-sua-viagem-devas-colombia-2022-em-busca-das-raizes-do-bullerengue-colombiano","status":"publish","type":"post","link":"http:\/\/staging.ibermusicas.org\/index.php\/a-artista-argentina-naile-embarca-na-sua-viagem-devas-colombia-2022-em-busca-das-raizes-do-bullerengue-colombiano\/","title":{"rendered":"A artista argentina Nail\u00e9 embarca na sua viagem \u00abDevas Colombia 2022\u00bb em busca das ra\u00edzes do bullerengue colombiano"},"content":{"rendered":"<p>Devas \u00e9 o nome da primeira obra musical de Nail\u00e9, uma artista argentina de San Luis, uma das prov\u00edncias localizadas no sop\u00e9 dos Andes.<\/p>\n<p>&nbsp;<\/p>\n<p>A m\u00fasica de Nail\u00e9 \u00e9 inspirada pela natureza, os 4 elementos e a fus\u00e3o das ra\u00edzes folcl\u00f3ricas afro-latino-americanas. Na sua busca art\u00edstica e musical ela apela \u00e0s ra\u00edzes ancestrais, \u00e0s for\u00e7as dos elementos e ao compromisso de transmitir mensagens que contribuem para o despertar da consci\u00eancia, da sensibilidade e do reconhecimento das nossas identidades.<\/p>\n<p>&nbsp;<\/p>\n<p>A sua digress\u00e3o visa realizar uma s\u00e9rie de concertos, workshops e interc\u00e2mbios culturais com a Regi\u00e3o Colombiana das Cara\u00edbas, partilhando as seguintes propostas: \u201cDevas em Concerto\u201d, \u201cExperi\u00eancia Devas\u201d e as oficinas \u201cRodas de Canto Coletivo\u201d e \u201cLaborat\u00f3rio de Som e Movimento\u201d.<\/p>\n<p>&nbsp;<\/p>\n<p>Para a Nail\u00e9 \u00e9 essencial refor\u00e7ar os la\u00e7os de uni\u00e3o intercultural que nos ligam com a sabedoria ancestral dos nossos povos. Em cada atividade (concertos, workshops e processos criativos coletivos) tenta mostrar isto estabelecendo la\u00e7os profundos com os artistas locais da regi\u00e3o das Cara\u00edbas Colombianas, especialmente com a comunidade afrodescendente. O ritmo do Bullerengue \u00e9 um legado de ra\u00edzes africanas que desperta no corpo, a can\u00e7\u00e3o e o tambor a mem\u00f3ria de uma origem que precisamos de recordar hoje. Valores como o Ubuntu (\u00abTodxs somos\u00bb), a honra dos processos de vida e morte e o respeito pelos nossos av\u00f3s s\u00e3o necess\u00e1rios para integrar a experi\u00eancia humana de hoje.<\/p>\n<p>&nbsp;<\/p>\n<p>A \u00abDevas Col\u00f4mbia 2022 Tour\u00bb procura partilhar a partir da consci\u00eancia do interc\u00e2mbio cultural a integra\u00e7\u00e3o e fus\u00e3o das ra\u00edzes do Sul de Abya Yala com as da regi\u00e3o das Cara\u00edbas Colombianas.<\/p>\n<p>&nbsp;<\/p>\n<p>S\u00e1bado 5 de Novembro \u00abDevas in Concert\u00bb em Casa Mor\u00f3n \/ Barranquilla<\/p>\n<p>S\u00e1bado 12 de Novembro \u00abRoda de Canto Coletivo\u00bb e \u00abDevas en Concierto\u00bb com Tubar\u00e1 como parte de Urbana Rock (Cartas de Convite) em El Calabozo \/ Barranquilla.<\/p>\n<p>De 5 a 11 de Dezembro, Festival Nacional da Bullerengue em Mar\u00eda La Baja<\/p>\n","protected":false},"excerpt":{"rendered":"<p>Devas \u00e9 o nome da primeira obra musical de Nail\u00e9, uma artista argentina de San Luis, uma das prov\u00edncias localizadas no sop\u00e9 dos Andes. &nbsp; A m\u00fasica de Nail\u00e9 \u00e9 inspirada pela natureza, os 4 elementos e a fus\u00e3o das ra\u00edzes folcl\u00f3ricas afro-latino-americanas. Na sua busca art\u00edstica e musical ela apela \u00e0s ra\u00edzes ancestrais, \u00e0s [&hellip;]<\/p>\n","protected":false},"author":1,"featured_media":13721,"comment_status":"closed","ping_status":"closed","sticky":false,"template":"","format":"standard","meta":{"footnotes":""},"categories":[218],"tags":[],"class_list":["post-13723","post","type-post","status-publish","format-standard","has-post-thumbnail","hentry","category-noticias-generales-pt"],"lang":"pt","translations":{"pt":13723,"es":13720},"pll_sync_post":[],"post_mailing_queue_ids":[],"_links":{"self":[{"href":"http:\/\/staging.ibermusicas.org\/index.php\/wp-json\/wp\/v2\/posts\/13723","targetHints":{"allow":["GET"]}}],"collection":[{"href":"http:\/\/staging.ibermusicas.org\/index.php\/wp-json\/wp\/v2\/posts"}],"about":[{"href":"http:\/\/staging.ibermusicas.org\/index.php\/wp-json\/wp\/v2\/types\/post"}],"author":[{"embeddable":true,"href":"http:\/\/staging.ibermusicas.org\/index.php\/wp-json\/wp\/v2\/users\/1"}],"replies":[{"embeddable":true,"href":"http:\/\/staging.ibermusicas.org\/index.php\/wp-json\/wp\/v2\/comments?post=13723"}],"version-history":[{"count":1,"href":"http:\/\/staging.ibermusicas.org\/index.php\/wp-json\/wp\/v2\/posts\/13723\/revisions"}],"predecessor-version":[{"id":13724,"href":"http:\/\/staging.ibermusicas.org\/index.php\/wp-json\/wp\/v2\/posts\/13723\/revisions\/13724"}],"wp:featuredmedia":[{"embeddable":true,"href":"http:\/\/staging.ibermusicas.org\/index.php\/wp-json\/wp\/v2\/media\/13721"}],"wp:attachment":[{"href":"http:\/\/staging.ibermusicas.org\/index.php\/wp-json\/wp\/v2\/media?parent=13723"}],"wp:term":[{"taxonomy":"category","embeddable":true,"href":"http:\/\/staging.ibermusicas.org\/index.php\/wp-json\/wp\/v2\/categories?post=13723"},{"taxonomy":"post_tag","embeddable":true,"href":"http:\/\/staging.ibermusicas.org\/index.php\/wp-json\/wp\/v2\/tags?post=13723"}],"curies":[{"name":"wp","href":"https:\/\/api.w.org\/{rel}","templated":true}]}}