{"id":13728,"date":"2022-10-31T17:38:39","date_gmt":"2022-10-31T17:38:39","guid":{"rendered":"http:\/\/staging.ibermusicas.org\/?p=13728"},"modified":"2022-11-30T14:49:31","modified_gmt":"2022-11-30T14:49:31","slug":"o-grande-cantor-uruguaio-tabare-leyton-continua-com-suas-apresentacoes-na-espanha-e-em-portugal","status":"publish","type":"post","link":"http:\/\/staging.ibermusicas.org\/index.php\/o-grande-cantor-uruguaio-tabare-leyton-continua-com-suas-apresentacoes-na-espanha-e-em-portugal\/","title":{"rendered":"O grande cantor uruguaio Tabar\u00e9 Leyton continua com suas apresenta\u00e7\u00f5es na Espanha e em Portugal"},"content":{"rendered":"<p>Tabar\u00e9 Leyton (Montevid\u00e9u, Uruguai) \u00e9 um cantor, guitarrista e compositor, baseado em Buenos Aires, com uma intensa carreira musical que o levou a importantes festivais e palcos no Uruguai, Argentina, Espanha, Fran\u00e7a, Oriente M\u00e9dio e Finl\u00e2ndia, incluindo sua participa\u00e7\u00e3o no Luna Park em Buenos Aires com Horacio Ferrer. Em 2010 ele ganhou o concurso da Embaixada da Espanha para representar o Uruguai no Festival de Tango de Granada e fez um tour europeu pela Espanha e Fran\u00e7a. Ele tamb\u00e9m foi selecionado como vocalista da primeira \u00abOrquesta T\u00edpica del R\u00edo de la Plata\u00bb no Uruguai. Com tr\u00eas \u00e1lbuns em seu cr\u00e9dito, sua proposta musical inovadora e seu estilo composicional lhe renderam importantes pr\u00eamios de m\u00fasica tango, como o \u00abMorosoli\u00bb Bronze Award, o \u00abIris\u00bb Award for Best New Artist e o \u00abGraffiti\u00bb Award for Best Tango \u00c1lbum por seu trabalho \u00abLa Factor\u00eda del tango\u00bb.<\/p>\n<p>&nbsp;<\/p>\n<p>Identificado como uma das novas vozes do tango, capaz de dotar o g\u00eanero de uma expressividade incomum, e acompanhado pelo guitarrista uruguaio Carlos G\u00f3mez, o jovem cantor-compositor do Rio de la Plata oferecer\u00e1 uma proposta musical que resgata o mais genu\u00edno do g\u00eanero junto com suas pr\u00f3prias obras contempor\u00e2neas. Passado e presente s\u00e3o combinados em uma linguagem crioula e pessoal atrav\u00e9s de autores tradicionais como Amalia De la Vega, Carlos Gardel e Agust\u00edn Magaldi, que s\u00e3o combinados com um repert\u00f3rio de suas pr\u00f3prias composi\u00e7\u00f5es arranjadas para duo e orquestra.<\/p>\n<p>&nbsp;<\/p>\n<p>De 6 a 9 de novembro na Boutique da Cultura, Lisboa, Portugal<\/p>\n<p>Sexta-feira 11 de novembro 19:30 hs, Auditorio Colegio Mayor Argentino, Madrid, Espanha<\/p>\n<p>S\u00e1bado, 12 de novembro, 21:00 hs, Sala \u00abLa Yumba\u00bb, Barcelona, Espanha<\/p>\n<p>&nbsp;<\/p>\n","protected":false},"excerpt":{"rendered":"<p>Tabar\u00e9 Leyton (Montevid\u00e9u, Uruguai) \u00e9 um cantor, guitarrista e compositor, baseado em Buenos Aires, com uma intensa carreira musical que o levou a importantes festivais e palcos no Uruguai, Argentina, Espanha, Fran\u00e7a, Oriente M\u00e9dio e Finl\u00e2ndia, incluindo sua participa\u00e7\u00e3o no Luna Park em Buenos Aires com Horacio Ferrer. Em 2010 ele ganhou o concurso da [&hellip;]<\/p>\n","protected":false},"author":1,"featured_media":13726,"comment_status":"closed","ping_status":"closed","sticky":false,"template":"","format":"standard","meta":{"footnotes":""},"categories":[218],"tags":[],"class_list":["post-13728","post","type-post","status-publish","format-standard","has-post-thumbnail","hentry","category-noticias-generales-pt"],"lang":"pt","translations":{"pt":13728,"es":13725},"pll_sync_post":[],"post_mailing_queue_ids":[],"_links":{"self":[{"href":"http:\/\/staging.ibermusicas.org\/index.php\/wp-json\/wp\/v2\/posts\/13728","targetHints":{"allow":["GET"]}}],"collection":[{"href":"http:\/\/staging.ibermusicas.org\/index.php\/wp-json\/wp\/v2\/posts"}],"about":[{"href":"http:\/\/staging.ibermusicas.org\/index.php\/wp-json\/wp\/v2\/types\/post"}],"author":[{"embeddable":true,"href":"http:\/\/staging.ibermusicas.org\/index.php\/wp-json\/wp\/v2\/users\/1"}],"replies":[{"embeddable":true,"href":"http:\/\/staging.ibermusicas.org\/index.php\/wp-json\/wp\/v2\/comments?post=13728"}],"version-history":[{"count":1,"href":"http:\/\/staging.ibermusicas.org\/index.php\/wp-json\/wp\/v2\/posts\/13728\/revisions"}],"predecessor-version":[{"id":13729,"href":"http:\/\/staging.ibermusicas.org\/index.php\/wp-json\/wp\/v2\/posts\/13728\/revisions\/13729"}],"wp:featuredmedia":[{"embeddable":true,"href":"http:\/\/staging.ibermusicas.org\/index.php\/wp-json\/wp\/v2\/media\/13726"}],"wp:attachment":[{"href":"http:\/\/staging.ibermusicas.org\/index.php\/wp-json\/wp\/v2\/media?parent=13728"}],"wp:term":[{"taxonomy":"category","embeddable":true,"href":"http:\/\/staging.ibermusicas.org\/index.php\/wp-json\/wp\/v2\/categories?post=13728"},{"taxonomy":"post_tag","embeddable":true,"href":"http:\/\/staging.ibermusicas.org\/index.php\/wp-json\/wp\/v2\/tags?post=13728"}],"curies":[{"name":"wp","href":"https:\/\/api.w.org\/{rel}","templated":true}]}}