{"id":13738,"date":"2022-10-31T17:44:38","date_gmt":"2022-10-31T17:44:38","guid":{"rendered":"http:\/\/staging.ibermusicas.org\/?p=13738"},"modified":"2022-11-30T14:49:02","modified_gmt":"2022-11-30T14:49:02","slug":"o-encontro-virtual-latmus-2022-esta-aqui","status":"publish","type":"post","link":"http:\/\/staging.ibermusicas.org\/index.php\/o-encontro-virtual-latmus-2022-esta-aqui\/","title":{"rendered":"O Encontro virtual LATMUS 2022 est\u00e1 aqui!"},"content":{"rendered":"<p>LATMUS \u00e9 o primeiro encontro da ind\u00fastria musical na regi\u00e3o da Am\u00e9rica Central, com sede no Panam\u00e1, Costa Rica e Guatemala. O seu objectivo \u00e9 reduzir as lacunas de conhecimento e dar acesso a informa\u00e7\u00e3o valiosa aos trabalhadores da m\u00fasica, bem como contribuir para o crescimento e profissionaliza\u00e7\u00e3o do sector, para al\u00e9m da gera\u00e7\u00e3o de liga\u00e7\u00f5es entre artistas e institui\u00e7\u00f5es p\u00fablicas e privadas.<\/p>\n<p>&nbsp;<\/p>\n<p>LATMUS M\u00fasica, Identidade e Territ\u00f3rio \u00e9 um processo de forma\u00e7\u00e3o e trabalho em rede totalmente gratuito para m\u00fasicos e agentes da ind\u00fastria da m\u00fasica que queiram adquirir novas ferramentas e conhecimentos para fazer crescer o seu projecto ou empresa ligada \u00e0 m\u00fasica.<\/p>\n<p>&nbsp;<\/p>\n<p>Consiste em duas fases: Acelerador Latmus e o Encontro Virtual. Em ambas as fases, o pa\u00eds convidado \u00e9 a Col\u00f4mbia. A parte presencial, realizada em junho, foi apoiada pela Alian\u00e7a Francesa de Medell\u00edn, que durante a \u00faltima celebra\u00e7\u00e3o de La F\u00eate de la Musique se juntou \u00e0 Reuni\u00e3o LATMUS 2022 para apresentar o Acelerador LATMUS Col\u00f4mbia e criar uma ponte entre os pa\u00edses participantes.<\/p>\n<p>&nbsp;<\/p>\n<p>&nbsp;<\/p>\n<p>O Encontro Virtual \u00e9 a segunda etapa que se centrar\u00e1 na regi\u00e3o da \u00abAm\u00e9rica Central e Col\u00f4mbia\u00bb sob o lema da M\u00fasica, Identidade e Territ\u00f3rio. Incluir\u00e1 uma \u00e1rea de mesas redondas de neg\u00f3cios com a participa\u00e7\u00e3o de mais de 150 artistas, programadores de festivais e empresas ligadas \u00e0 m\u00fasica na Am\u00e9rica Latina. Esta etapa procurar\u00e1 impulsionar as rela\u00e7\u00f5es comerciais entre os pa\u00edses envolvidos e facilitar a circula\u00e7\u00e3o de conte\u00fados musicais. Incluir\u00e1 tamb\u00e9m uma s\u00e9rie de Confer\u00eancias e Palestras, bem como um espa\u00e7o para Mostru\u00e1rios de v\u00e1rios projectos musicais seleccionados e uma s\u00e9rie de consultorias individuais. Em cada pa\u00eds, ser\u00e3o seleccionados at\u00e9 5 projectos da primeira fase para participar na mesa redonda de neg\u00f3cios e vitrinas do Encontro de Latmus. Artistas e agentes da ind\u00fastria musical da Guatemala, Costa Rica, Panam\u00e1 e Col\u00f4mbia s\u00e3o convidados a participar na convocat\u00f3ria de mesas redondas de neg\u00f3cios.<\/p>\n<p>&nbsp;<\/p>\n<p>&nbsp;<\/p>\n<p>De 7 a 18 de Novembro<\/p>\n<p>Youtube: <a href=\"https:\/\/www.youtube.com\/c\/EncuentroLATMUS\">https:\/\/www.youtube.com\/c\/EncuentroLATMUS<\/a><\/p>\n<p>Facebook: <a href=\"https:\/\/www.facebook.com\/encuentrolatmus\">https:\/\/www.facebook.com\/encuentrolatmus<\/a><\/p>\n<p>Web: <a href=\"http:\/\/www.encuentrolatmus.com\">http:\/\/www.encuentrolatmus.com<\/a><\/p>\n<p>&nbsp;<\/p>\n","protected":false},"excerpt":{"rendered":"<p>LATMUS \u00e9 o primeiro encontro da ind\u00fastria musical na regi\u00e3o da Am\u00e9rica Central, com sede no Panam\u00e1, Costa Rica e Guatemala. O seu objectivo \u00e9 reduzir as lacunas de conhecimento e dar acesso a informa\u00e7\u00e3o valiosa aos trabalhadores da m\u00fasica, bem como contribuir para o crescimento e profissionaliza\u00e7\u00e3o do sector, para al\u00e9m da gera\u00e7\u00e3o de [&hellip;]<\/p>\n","protected":false},"author":1,"featured_media":13736,"comment_status":"closed","ping_status":"closed","sticky":false,"template":"","format":"standard","meta":{"footnotes":""},"categories":[218],"tags":[],"class_list":["post-13738","post","type-post","status-publish","format-standard","has-post-thumbnail","hentry","category-noticias-generales-pt"],"lang":"pt","translations":{"pt":13738,"es":13735},"pll_sync_post":[],"post_mailing_queue_ids":[],"_links":{"self":[{"href":"http:\/\/staging.ibermusicas.org\/index.php\/wp-json\/wp\/v2\/posts\/13738","targetHints":{"allow":["GET"]}}],"collection":[{"href":"http:\/\/staging.ibermusicas.org\/index.php\/wp-json\/wp\/v2\/posts"}],"about":[{"href":"http:\/\/staging.ibermusicas.org\/index.php\/wp-json\/wp\/v2\/types\/post"}],"author":[{"embeddable":true,"href":"http:\/\/staging.ibermusicas.org\/index.php\/wp-json\/wp\/v2\/users\/1"}],"replies":[{"embeddable":true,"href":"http:\/\/staging.ibermusicas.org\/index.php\/wp-json\/wp\/v2\/comments?post=13738"}],"version-history":[{"count":1,"href":"http:\/\/staging.ibermusicas.org\/index.php\/wp-json\/wp\/v2\/posts\/13738\/revisions"}],"predecessor-version":[{"id":13739,"href":"http:\/\/staging.ibermusicas.org\/index.php\/wp-json\/wp\/v2\/posts\/13738\/revisions\/13739"}],"wp:featuredmedia":[{"embeddable":true,"href":"http:\/\/staging.ibermusicas.org\/index.php\/wp-json\/wp\/v2\/media\/13736"}],"wp:attachment":[{"href":"http:\/\/staging.ibermusicas.org\/index.php\/wp-json\/wp\/v2\/media?parent=13738"}],"wp:term":[{"taxonomy":"category","embeddable":true,"href":"http:\/\/staging.ibermusicas.org\/index.php\/wp-json\/wp\/v2\/categories?post=13738"},{"taxonomy":"post_tag","embeddable":true,"href":"http:\/\/staging.ibermusicas.org\/index.php\/wp-json\/wp\/v2\/tags?post=13738"}],"curies":[{"name":"wp","href":"https:\/\/api.w.org\/{rel}","templated":true}]}}