{"id":13740,"date":"2022-10-31T17:46:21","date_gmt":"2022-10-31T17:46:21","guid":{"rendered":"http:\/\/staging.ibermusicas.org\/?p=13740"},"modified":"2022-11-30T14:44:44","modified_gmt":"2022-11-30T14:44:44","slug":"nova-et-vetera-presenta-el-ciclo-nova-con-la-participacion-del-ensamble-liminar-de-mexico-y-la-sociedad-ensamble-de-colombia","status":"publish","type":"post","link":"http:\/\/staging.ibermusicas.org\/index.php\/nova-et-vetera-presenta-el-ciclo-nova-con-la-participacion-del-ensamble-liminar-de-mexico-y-la-sociedad-ensamble-de-colombia\/","title":{"rendered":"Nova et Vetera presenta el Ciclo Nova con la participaci\u00f3n del Ensamble Liminar de M\u00e9xico y La Sociedad Ensamble de Colombia"},"content":{"rendered":"<p>Nova et Vetera es una fundaci\u00f3n cultural independiente, creada en 2012 experta en curadur\u00eda de m\u00fasicas de vanguardia, y que asume diferentes funciones en el campo de las artes esc\u00e9nicas para la direcci\u00f3n art\u00edstica y la programaci\u00f3n de espect\u00e1culos contempor\u00e1neos. El Ciclo Nova es un programa dedicado a diferentes corrientes de la m\u00fasica contempor\u00e1nea, m\u00fasica improvisada, y arte sonoro.<\/p>\n<p>&nbsp;<\/p>\n<p>Esta nueva serie virtual en colaboraci\u00f3n con la Universidad de los Andes, est\u00e1 compuesta por dos conciertos que exploran la obra de compositores contempor\u00e1neos principalmente latinoamericanos interpretados por el Ensamble Liminar de M\u00e9xico en su formato de cuarteto de cuerdas y el Ensamble La Sociedad de Colombia. El objetivo de este proyecto es conectar la obra de compositores Latinoamericanos de los \u00faltimos dos siglos con Ensambles e instrumentistas especializados en m\u00fasica contempor\u00e1nea.<\/p>\n<p>&nbsp;<\/p>\n<p>Ensamble Liminar, en M\u00e9xico, se sit\u00faa en el espacio l\u00edmite entre la m\u00fasica, la m\u00fasica experimental y el arte sonoro. Liminar es un ensamble independiente, cuyo inter\u00e9s en t\u00e9rminos de repertorio, abarca desde la m\u00fasica de concierto, hasta obras que se encuentran en los l\u00edmites de la m\u00fasica, m\u00fasica experimental o arte sonoro. Su instrumentaci\u00f3n es variable, y est\u00e1 enfocado a la colaboraci\u00f3n con artistas vivos, adem\u00e1s de la creaci\u00f3n de un repertorio de m\u00fasica del siglo pasado que nunca ha sido ejecutada en M\u00e9xico o que se expone con poca frecuencia.<\/p>\n<p>&nbsp;<\/p>\n<p>La Sociedad Ensamble es un colectivo de m\u00fasicos pertenecientes a los ensambles profesionales e instituciones acad\u00e9micas m\u00e1s importantes de su pa\u00eds que presentan una actividad regular de m\u00fasica de c\u00e1mara. Centra su actividad art\u00edstica en la interpretaci\u00f3n de nuevas m\u00fasicas realizando diversas colaboraciones interdisciplinares.<\/p>\n<p>&nbsp;<\/p>\n<p>Estas dos grabaciones que ser\u00e1n emitidas de manera virtual, apuestan a la<\/p>\n<p>divulgaci\u00f3n de creaciones que permanecen ocultas en un panorama<\/p>\n<p>homogeneizado y dominado por el norte global. Este ciclo pone en circulaci\u00f3n sonidos que dan cuenta de la mirada del sur a la realidad contempor\u00e1nea desde lo sonoro.<\/p>\n<p>&nbsp;<\/p>\n<p>8 de noviembre a las 17 hs. (hora de Colombia)<\/p>\n<p>22 de noviembre a las 17 hs. (hora de Colombia)<\/p>\n<p>&nbsp;<\/p>\n","protected":false},"excerpt":{"rendered":"<p>Nova et Vetera es una fundaci\u00f3n cultural independiente, creada en 2012 experta en curadur\u00eda de m\u00fasicas de vanguardia, y que asume diferentes funciones en el campo de las artes esc\u00e9nicas para la direcci\u00f3n art\u00edstica y la programaci\u00f3n de espect\u00e1culos contempor\u00e1neos. El Ciclo Nova es un programa dedicado a diferentes corrientes de la m\u00fasica contempor\u00e1nea, m\u00fasica [&hellip;]<\/p>\n","protected":false},"author":1,"featured_media":13741,"comment_status":"closed","ping_status":"closed","sticky":false,"template":"","format":"standard","meta":{"footnotes":""},"categories":[53],"tags":[],"class_list":["post-13740","post","type-post","status-publish","format-standard","has-post-thumbnail","hentry","category-noticias-generales"],"lang":"es","translations":{"es":13740,"pt":13743},"pll_sync_post":[],"post_mailing_queue_ids":[],"_links":{"self":[{"href":"http:\/\/staging.ibermusicas.org\/index.php\/wp-json\/wp\/v2\/posts\/13740","targetHints":{"allow":["GET"]}}],"collection":[{"href":"http:\/\/staging.ibermusicas.org\/index.php\/wp-json\/wp\/v2\/posts"}],"about":[{"href":"http:\/\/staging.ibermusicas.org\/index.php\/wp-json\/wp\/v2\/types\/post"}],"author":[{"embeddable":true,"href":"http:\/\/staging.ibermusicas.org\/index.php\/wp-json\/wp\/v2\/users\/1"}],"replies":[{"embeddable":true,"href":"http:\/\/staging.ibermusicas.org\/index.php\/wp-json\/wp\/v2\/comments?post=13740"}],"version-history":[{"count":1,"href":"http:\/\/staging.ibermusicas.org\/index.php\/wp-json\/wp\/v2\/posts\/13740\/revisions"}],"predecessor-version":[{"id":13742,"href":"http:\/\/staging.ibermusicas.org\/index.php\/wp-json\/wp\/v2\/posts\/13740\/revisions\/13742"}],"wp:featuredmedia":[{"embeddable":true,"href":"http:\/\/staging.ibermusicas.org\/index.php\/wp-json\/wp\/v2\/media\/13741"}],"wp:attachment":[{"href":"http:\/\/staging.ibermusicas.org\/index.php\/wp-json\/wp\/v2\/media?parent=13740"}],"wp:term":[{"taxonomy":"category","embeddable":true,"href":"http:\/\/staging.ibermusicas.org\/index.php\/wp-json\/wp\/v2\/categories?post=13740"},{"taxonomy":"post_tag","embeddable":true,"href":"http:\/\/staging.ibermusicas.org\/index.php\/wp-json\/wp\/v2\/tags?post=13740"}],"curies":[{"name":"wp","href":"https:\/\/api.w.org\/{rel}","templated":true}]}}