{"id":13743,"date":"2022-10-31T17:48:43","date_gmt":"2022-10-31T17:48:43","guid":{"rendered":"http:\/\/staging.ibermusicas.org\/?p=13743"},"modified":"2022-11-30T14:48:26","modified_gmt":"2022-11-30T14:48:26","slug":"nova-et-vetera-apresenta-o-ciclo-nova-com-a-participacao-da-ensamble-liminar-do-mexico-e-la-sociedad-ensamble-da-colombia","status":"publish","type":"post","link":"http:\/\/staging.ibermusicas.org\/index.php\/nova-et-vetera-apresenta-o-ciclo-nova-com-a-participacao-da-ensamble-liminar-do-mexico-e-la-sociedad-ensamble-da-colombia\/","title":{"rendered":"Nova et Vetera apresenta o Ciclo Nova com a participa\u00e7\u00e3o da Ensamble Liminar do M\u00e9xico e La Sociedad Ensamble da Col\u00f4mbia"},"content":{"rendered":"<p>Nova et Vetera \u00e9 uma funda\u00e7\u00e3o cultural independente, criada em 2012, especialista em curadoria de m\u00fasica de vanguarda, e que assume diferentes fun\u00e7\u00f5es no campo das artes performativas para a direc\u00e7\u00e3o art\u00edstica e programa\u00e7\u00e3o de espect\u00e1culos contempor\u00e2neos. O Ciclo Nova \u00e9 um programa dedicado a diferentes correntes de m\u00fasica contempor\u00e2nea, m\u00fasica improvisada, e arte sonora.<\/p>\n<p>&nbsp;<\/p>\n<p>Esta nova s\u00e9rie virtual em colabora\u00e7\u00e3o com a Universidad de los Andes, \u00e9 composta por dois concertos que exploram a obra de compositores contempor\u00e2neos principalmente latino-americanos apresentados pelo Ensamble Liminar do M\u00e9xico no seu formato de quarteto de cordas e pelo Ensamble La Sociedad da Col\u00f4mbia. O objectivo deste projecto \u00e9 ligar o trabalho dos compositores latino-americanos dos \u00faltimos dois s\u00e9culos com conjuntos e instrumentistas especializados em m\u00fasica contempor\u00e2nea.<\/p>\n<p>&nbsp;<\/p>\n<p>Ensamble Liminar, no M\u00e9xico, situa-se no espa\u00e7o de fronteira entre a m\u00fasica, a m\u00fasica experimental e a arte sonora. Liminar \u00e9 um conjunto independente, cujo interesse em termos de repert\u00f3rio vai desde a m\u00fasica de concerto a obras que se encontram nos limites da m\u00fasica, da m\u00fasica experimental ou da arte sonora. A sua instrumenta\u00e7\u00e3o \u00e9 vari\u00e1vel, e centra-se na colabora\u00e7\u00e3o com artistas vivos, bem como na cria\u00e7\u00e3o de um repert\u00f3rio de m\u00fasica do s\u00e9culo passado que nunca foi apresentado no M\u00e9xico ou que \u00e9 pouco frequentemente exposto.<\/p>\n<p>&nbsp;<\/p>\n<p>A Ensemble Society \u00e9 um colectivo de m\u00fasicos pertencentes aos mais importantes conjuntos profissionais e institui\u00e7\u00f5es acad\u00e9micas do seu pa\u00eds, que apresentam uma actividade musical de c\u00e2mara regular. Concentra a sua actividade art\u00edstica na execu\u00e7\u00e3o de nova m\u00fasica atrav\u00e9s de uma variedade de colabora\u00e7\u00f5es interdisciplinares.<\/p>\n<p>&nbsp;<\/p>\n<p>Estas duas grava\u00e7\u00f5es, que ser\u00e3o difundidas virtualmente, destinam-se a<\/p>\n<p>cria\u00e7\u00f5es que permanecem escondidas num panorama homogeneizado e dominadas pelo<\/p>\n<p>homogeneizados e dominados pelo norte global. Este ciclo p\u00f5e em circula\u00e7\u00e3o sons que d\u00e3o conta da vis\u00e3o do Sul da realidade contempor\u00e2nea do ponto de vista do som.<\/p>\n<p>&nbsp;<\/p>\n<p>&nbsp;<\/p>\n<p>8 de novembro \u00e0s 17 horas (hora colombiana)<\/p>\n<p>22 de novembro \u00e0s 17 horas (hora da Col\u00f4mbia)<\/p>\n<p>&nbsp;<\/p>\n","protected":false},"excerpt":{"rendered":"<p>Nova et Vetera \u00e9 uma funda\u00e7\u00e3o cultural independente, criada em 2012, especialista em curadoria de m\u00fasica de vanguarda, e que assume diferentes fun\u00e7\u00f5es no campo das artes performativas para a direc\u00e7\u00e3o art\u00edstica e programa\u00e7\u00e3o de espect\u00e1culos contempor\u00e2neos. O Ciclo Nova \u00e9 um programa dedicado a diferentes correntes de m\u00fasica contempor\u00e2nea, m\u00fasica improvisada, e arte sonora. [&hellip;]<\/p>\n","protected":false},"author":1,"featured_media":13741,"comment_status":"closed","ping_status":"closed","sticky":false,"template":"","format":"standard","meta":{"footnotes":""},"categories":[218],"tags":[],"class_list":["post-13743","post","type-post","status-publish","format-standard","has-post-thumbnail","hentry","category-noticias-generales-pt"],"lang":"pt","translations":{"pt":13743,"es":13740},"pll_sync_post":[],"post_mailing_queue_ids":[],"_links":{"self":[{"href":"http:\/\/staging.ibermusicas.org\/index.php\/wp-json\/wp\/v2\/posts\/13743","targetHints":{"allow":["GET"]}}],"collection":[{"href":"http:\/\/staging.ibermusicas.org\/index.php\/wp-json\/wp\/v2\/posts"}],"about":[{"href":"http:\/\/staging.ibermusicas.org\/index.php\/wp-json\/wp\/v2\/types\/post"}],"author":[{"embeddable":true,"href":"http:\/\/staging.ibermusicas.org\/index.php\/wp-json\/wp\/v2\/users\/1"}],"replies":[{"embeddable":true,"href":"http:\/\/staging.ibermusicas.org\/index.php\/wp-json\/wp\/v2\/comments?post=13743"}],"version-history":[{"count":1,"href":"http:\/\/staging.ibermusicas.org\/index.php\/wp-json\/wp\/v2\/posts\/13743\/revisions"}],"predecessor-version":[{"id":13744,"href":"http:\/\/staging.ibermusicas.org\/index.php\/wp-json\/wp\/v2\/posts\/13743\/revisions\/13744"}],"wp:featuredmedia":[{"embeddable":true,"href":"http:\/\/staging.ibermusicas.org\/index.php\/wp-json\/wp\/v2\/media\/13741"}],"wp:attachment":[{"href":"http:\/\/staging.ibermusicas.org\/index.php\/wp-json\/wp\/v2\/media?parent=13743"}],"wp:term":[{"taxonomy":"category","embeddable":true,"href":"http:\/\/staging.ibermusicas.org\/index.php\/wp-json\/wp\/v2\/categories?post=13743"},{"taxonomy":"post_tag","embeddable":true,"href":"http:\/\/staging.ibermusicas.org\/index.php\/wp-json\/wp\/v2\/tags?post=13743"}],"curies":[{"name":"wp","href":"https:\/\/api.w.org\/{rel}","templated":true}]}}