{"id":13748,"date":"2022-10-31T17:51:52","date_gmt":"2022-10-31T17:51:52","guid":{"rendered":"http:\/\/staging.ibermusicas.org\/?p=13748"},"modified":"2022-11-30T14:48:20","modified_gmt":"2022-11-30T14:48:20","slug":"mulheres-musicas-da-colombia-chile-mexico-e-nicaragua-unem-se-em-un-dia-desgarramos-nuestro-grito-um-dia-rasgamos-o-nosso-grito","status":"publish","type":"post","link":"http:\/\/staging.ibermusicas.org\/index.php\/mulheres-musicas-da-colombia-chile-mexico-e-nicaragua-unem-se-em-un-dia-desgarramos-nuestro-grito-um-dia-rasgamos-o-nosso-grito\/","title":{"rendered":"Mulheres m\u00fasicas da Col\u00f4mbia, Chile, M\u00e9xico e Nicar\u00e1gua unem-se em \u00abUn d\u00eda desgarramos nuestro grito\u00bb (Um dia rasgamos o nosso grito)"},"content":{"rendered":"<p>\u00abUm dia rasgamos o nosso grito\u00bb, \u00e9 um projecto com uma perspectiva de g\u00e9nero no qual uma equipa de trabalho composta por artistas da Col\u00f4mbia, Chile, M\u00e9xico e Nicar\u00e1gua realizar\u00e1 um laborat\u00f3rio criativo que integrar\u00e1 m\u00fasica, literatura, dan\u00e7a, e meios digitais. Visa gerar uma catarse no p\u00fablico face \u00e0 viol\u00eancia de g\u00e9nero, especificamente no sector da m\u00fasica.<\/p>\n<p>&nbsp;<\/p>\n<p>Este projecto teve in\u00edcio com a recolha de testemunhos de mulheres que sofreram viol\u00eancia no mundo da m\u00fasica e foi desenvolvido ao longo do ano 2022, resultando num document\u00e1rio em v\u00eddeo gravado na Col\u00f4mbia, que ser\u00e1 transmitido em meios digitais.<\/p>\n<p>&nbsp;<\/p>\n<p>Artistas de renome como a escritora Ligia Urroz (Nicaragua), a bailarina Bibiana Quir\u00f3z (Col\u00f4mbia), a artista audiovisual Diego Barajas (Col\u00f4mbia), o compositor Valeria Valle (Chile), a clarinetista Sandra S\u00e1nchez (Col\u00f4mbia), Kathya Galleguillos (Chile) e a saxofonista Ximena Constantino (M\u00e9xico) participam no projecto.<\/p>\n<p>&nbsp;<\/p>\n<p>&nbsp;<\/p>\n<p>9 de Novembro<\/p>\n","protected":false},"excerpt":{"rendered":"<p>\u00abUm dia rasgamos o nosso grito\u00bb, \u00e9 um projecto com uma perspectiva de g\u00e9nero no qual uma equipa de trabalho composta por artistas da Col\u00f4mbia, Chile, M\u00e9xico e Nicar\u00e1gua realizar\u00e1 um laborat\u00f3rio criativo que integrar\u00e1 m\u00fasica, literatura, dan\u00e7a, e meios digitais. Visa gerar uma catarse no p\u00fablico face \u00e0 viol\u00eancia de g\u00e9nero, especificamente no sector [&hellip;]<\/p>\n","protected":false},"author":1,"featured_media":13746,"comment_status":"closed","ping_status":"closed","sticky":false,"template":"","format":"standard","meta":{"footnotes":""},"categories":[218],"tags":[],"class_list":["post-13748","post","type-post","status-publish","format-standard","has-post-thumbnail","hentry","category-noticias-generales-pt"],"lang":"pt","translations":{"pt":13748,"es":13745},"pll_sync_post":[],"post_mailing_queue_ids":[],"_links":{"self":[{"href":"http:\/\/staging.ibermusicas.org\/index.php\/wp-json\/wp\/v2\/posts\/13748","targetHints":{"allow":["GET"]}}],"collection":[{"href":"http:\/\/staging.ibermusicas.org\/index.php\/wp-json\/wp\/v2\/posts"}],"about":[{"href":"http:\/\/staging.ibermusicas.org\/index.php\/wp-json\/wp\/v2\/types\/post"}],"author":[{"embeddable":true,"href":"http:\/\/staging.ibermusicas.org\/index.php\/wp-json\/wp\/v2\/users\/1"}],"replies":[{"embeddable":true,"href":"http:\/\/staging.ibermusicas.org\/index.php\/wp-json\/wp\/v2\/comments?post=13748"}],"version-history":[{"count":1,"href":"http:\/\/staging.ibermusicas.org\/index.php\/wp-json\/wp\/v2\/posts\/13748\/revisions"}],"predecessor-version":[{"id":13749,"href":"http:\/\/staging.ibermusicas.org\/index.php\/wp-json\/wp\/v2\/posts\/13748\/revisions\/13749"}],"wp:featuredmedia":[{"embeddable":true,"href":"http:\/\/staging.ibermusicas.org\/index.php\/wp-json\/wp\/v2\/media\/13746"}],"wp:attachment":[{"href":"http:\/\/staging.ibermusicas.org\/index.php\/wp-json\/wp\/v2\/media?parent=13748"}],"wp:term":[{"taxonomy":"category","embeddable":true,"href":"http:\/\/staging.ibermusicas.org\/index.php\/wp-json\/wp\/v2\/categories?post=13748"},{"taxonomy":"post_tag","embeddable":true,"href":"http:\/\/staging.ibermusicas.org\/index.php\/wp-json\/wp\/v2\/tags?post=13748"}],"curies":[{"name":"wp","href":"https:\/\/api.w.org\/{rel}","templated":true}]}}