{"id":13750,"date":"2022-10-31T17:54:21","date_gmt":"2022-10-31T17:54:21","guid":{"rendered":"http:\/\/staging.ibermusicas.org\/?p=13750"},"modified":"2022-11-30T14:45:08","modified_gmt":"2022-11-30T14:45:08","slug":"la-fundacion-danilo-perez-de-panama-presenta-las-hijas-del-jazz","status":"publish","type":"post","link":"http:\/\/staging.ibermusicas.org\/index.php\/la-fundacion-danilo-perez-de-panama-presenta-las-hijas-del-jazz\/","title":{"rendered":"La Fundaci\u00f3n Danilo P\u00e9rez de Panam\u00e1 presenta \u201cLas Hijas del Jazz\u201d"},"content":{"rendered":"<p>Se trata de un proyecto educativo de la Fundaci\u00f3n Danilo P\u00e9rez, que fomenta el desarrollo de la ni\u00f1a y la mujer a trav\u00e9s de la m\u00fasica.\u00a0 Este proyecto re\u00fane a ni\u00f1as y mujeres de diferentes generaciones que intercambian sus visiones sobre la m\u00fasica, la educaci\u00f3n y el desarrollo social a trav\u00e9s de conversatorios, conciertos did\u00e1cticos en escuela, audiciones, clases de ensamble y\u00a0 presentaciones musicales con la finalidad de promover oportunidades para las ni\u00f1as y j\u00f3venes con talento para la m\u00fasica y carreras afines.<\/p>\n<p>&nbsp;<\/p>\n<p>El proyecto est\u00e1 bajo la direcci\u00f3n ejecutiva de Aleida Duartes y direcci\u00f3n musical de la Directora Ejecutiva del Panam\u00e1 Jazz Festival, Patricia Z\u00e1rate. El proyecto tambi\u00e9n cuenta con el apoyo acad\u00e9mico de la artista Idania Dowman Solinka, el equipo de educadores de la Fundaci\u00f3n Danilo Perez y con la asesor\u00eda musical de la creadora del primer ensamble de jazz de mujeres en Panam\u00e1, la baterista Jas Kayser.<\/p>\n<p>&nbsp;<\/p>\n<p>Se han convocado a 50 ni\u00f1as a recibir clases de iniciaci\u00f3n musical en las instalaciones de la Fundaci\u00f3n Danilo P\u00e9rez llevando a cabo actividades como exposiciones e intercambio de experiencias de mujeres profesionales que ejercen en el \u00e1mbito cultural espec\u00edficamente (m\u00fasica), clases de instrumentos musicales, talleres de educaci\u00f3n musical general y conciertos did\u00e1cticos.<\/p>\n<p>&nbsp;<\/p>\n<p>9 de noviembre 19 hs. Teatro Ateneo, Panam\u00e1<\/p>\n","protected":false},"excerpt":{"rendered":"<p>Se trata de un proyecto educativo de la Fundaci\u00f3n Danilo P\u00e9rez, que fomenta el desarrollo de la ni\u00f1a y la mujer a trav\u00e9s de la m\u00fasica.\u00a0 Este proyecto re\u00fane a ni\u00f1as y mujeres de diferentes generaciones que intercambian sus visiones sobre la m\u00fasica, la educaci\u00f3n y el desarrollo social a trav\u00e9s de conversatorios, conciertos did\u00e1cticos [&hellip;]<\/p>\n","protected":false},"author":1,"featured_media":13751,"comment_status":"closed","ping_status":"closed","sticky":false,"template":"","format":"standard","meta":{"footnotes":""},"categories":[53],"tags":[],"class_list":["post-13750","post","type-post","status-publish","format-standard","has-post-thumbnail","hentry","category-noticias-generales"],"lang":"es","translations":{"es":13750,"pt":13753},"pll_sync_post":[],"post_mailing_queue_ids":[],"_links":{"self":[{"href":"http:\/\/staging.ibermusicas.org\/index.php\/wp-json\/wp\/v2\/posts\/13750","targetHints":{"allow":["GET"]}}],"collection":[{"href":"http:\/\/staging.ibermusicas.org\/index.php\/wp-json\/wp\/v2\/posts"}],"about":[{"href":"http:\/\/staging.ibermusicas.org\/index.php\/wp-json\/wp\/v2\/types\/post"}],"author":[{"embeddable":true,"href":"http:\/\/staging.ibermusicas.org\/index.php\/wp-json\/wp\/v2\/users\/1"}],"replies":[{"embeddable":true,"href":"http:\/\/staging.ibermusicas.org\/index.php\/wp-json\/wp\/v2\/comments?post=13750"}],"version-history":[{"count":1,"href":"http:\/\/staging.ibermusicas.org\/index.php\/wp-json\/wp\/v2\/posts\/13750\/revisions"}],"predecessor-version":[{"id":13752,"href":"http:\/\/staging.ibermusicas.org\/index.php\/wp-json\/wp\/v2\/posts\/13750\/revisions\/13752"}],"wp:featuredmedia":[{"embeddable":true,"href":"http:\/\/staging.ibermusicas.org\/index.php\/wp-json\/wp\/v2\/media\/13751"}],"wp:attachment":[{"href":"http:\/\/staging.ibermusicas.org\/index.php\/wp-json\/wp\/v2\/media?parent=13750"}],"wp:term":[{"taxonomy":"category","embeddable":true,"href":"http:\/\/staging.ibermusicas.org\/index.php\/wp-json\/wp\/v2\/categories?post=13750"},{"taxonomy":"post_tag","embeddable":true,"href":"http:\/\/staging.ibermusicas.org\/index.php\/wp-json\/wp\/v2\/tags?post=13750"}],"curies":[{"name":"wp","href":"https:\/\/api.w.org\/{rel}","templated":true}]}}