{"id":13753,"date":"2022-10-31T17:55:34","date_gmt":"2022-10-31T17:55:34","guid":{"rendered":"http:\/\/staging.ibermusicas.org\/?p=13753"},"modified":"2022-11-30T14:48:11","modified_gmt":"2022-11-30T14:48:11","slug":"a-fundacao-danilo-perez-do-panama-apresenta-las-hijas-del-jazz","status":"publish","type":"post","link":"http:\/\/staging.ibermusicas.org\/index.php\/a-fundacao-danilo-perez-do-panama-apresenta-las-hijas-del-jazz\/","title":{"rendered":"A Funda\u00e7\u00e3o Danilo P\u00e9rez do Panam\u00e1 apresenta \u00abLas Hijas del Jazz\u00bb"},"content":{"rendered":"<p>Este \u00e9 um projecto educativo da Funda\u00e7\u00e3o Danilo P\u00e9rez, que promove o desenvolvimento de raparigas e mulheres atrav\u00e9s da m\u00fasica.\u00a0 Este projecto re\u00fane raparigas e mulheres de diferentes gera\u00e7\u00f5es para trocar as suas vis\u00f5es sobre m\u00fasica, educa\u00e7\u00e3o e desenvolvimento social atrav\u00e9s de palestras, concertos did\u00e1ticos nas escolas, audi\u00e7\u00f5es, aulas de ensemble e apresenta\u00e7\u00f5es musicais com o objectivo de promover oportunidades para raparigas e mulheres jovens com talento para a m\u00fasica e carreiras relacionadas.<\/p>\n<p>&nbsp;<\/p>\n<p>O projecto est\u00e1 sob a direc\u00e7\u00e3o executiva de Aleida Duartes e a direc\u00e7\u00e3o musical da Directora Executiva do Festival de Jazz do Panam\u00e1, Patricia Z\u00e1rate. O projecto tem tamb\u00e9m o apoio acad\u00e9mico da artista Idania Dowman Solinka, da equipa de educadores da Funda\u00e7\u00e3o Danilo Perez e o conselho musical da criadora do primeiro conjunto de jazz feminino do Panam\u00e1, o baterista Jas Kayser.<\/p>\n<p>&nbsp;<\/p>\n<p>Cinquenta raparigas foram convidadas a receber aulas de inicia\u00e7\u00e3o musical nas instala\u00e7\u00f5es da Funda\u00e7\u00e3o Danilo Perez, realizando actividades como exposi\u00e7\u00f5es e troca de experi\u00eancias de mulheres profissionais que trabalham especificamente no campo cultural (m\u00fasica), aulas de instrumentos musicais, oficinas de educa\u00e7\u00e3o musical geral e concertos did\u00e1cticos.<\/p>\n<p>&nbsp;<\/p>\n<p>&nbsp;<\/p>\n<p>9 de Novembro 19 hs. Teatro Ateneo, Panam\u00e1<\/p>\n","protected":false},"excerpt":{"rendered":"<p>Este \u00e9 um projecto educativo da Funda\u00e7\u00e3o Danilo P\u00e9rez, que promove o desenvolvimento de raparigas e mulheres atrav\u00e9s da m\u00fasica.\u00a0 Este projecto re\u00fane raparigas e mulheres de diferentes gera\u00e7\u00f5es para trocar as suas vis\u00f5es sobre m\u00fasica, educa\u00e7\u00e3o e desenvolvimento social atrav\u00e9s de palestras, concertos did\u00e1ticos nas escolas, audi\u00e7\u00f5es, aulas de ensemble e apresenta\u00e7\u00f5es musicais com [&hellip;]<\/p>\n","protected":false},"author":1,"featured_media":13751,"comment_status":"closed","ping_status":"closed","sticky":false,"template":"","format":"standard","meta":{"footnotes":""},"categories":[218],"tags":[],"class_list":["post-13753","post","type-post","status-publish","format-standard","has-post-thumbnail","hentry","category-noticias-generales-pt"],"lang":"pt","translations":{"pt":13753,"es":13750},"pll_sync_post":[],"post_mailing_queue_ids":[],"_links":{"self":[{"href":"http:\/\/staging.ibermusicas.org\/index.php\/wp-json\/wp\/v2\/posts\/13753","targetHints":{"allow":["GET"]}}],"collection":[{"href":"http:\/\/staging.ibermusicas.org\/index.php\/wp-json\/wp\/v2\/posts"}],"about":[{"href":"http:\/\/staging.ibermusicas.org\/index.php\/wp-json\/wp\/v2\/types\/post"}],"author":[{"embeddable":true,"href":"http:\/\/staging.ibermusicas.org\/index.php\/wp-json\/wp\/v2\/users\/1"}],"replies":[{"embeddable":true,"href":"http:\/\/staging.ibermusicas.org\/index.php\/wp-json\/wp\/v2\/comments?post=13753"}],"version-history":[{"count":1,"href":"http:\/\/staging.ibermusicas.org\/index.php\/wp-json\/wp\/v2\/posts\/13753\/revisions"}],"predecessor-version":[{"id":13754,"href":"http:\/\/staging.ibermusicas.org\/index.php\/wp-json\/wp\/v2\/posts\/13753\/revisions\/13754"}],"wp:featuredmedia":[{"embeddable":true,"href":"http:\/\/staging.ibermusicas.org\/index.php\/wp-json\/wp\/v2\/media\/13751"}],"wp:attachment":[{"href":"http:\/\/staging.ibermusicas.org\/index.php\/wp-json\/wp\/v2\/media?parent=13753"}],"wp:term":[{"taxonomy":"category","embeddable":true,"href":"http:\/\/staging.ibermusicas.org\/index.php\/wp-json\/wp\/v2\/categories?post=13753"},{"taxonomy":"post_tag","embeddable":true,"href":"http:\/\/staging.ibermusicas.org\/index.php\/wp-json\/wp\/v2\/tags?post=13753"}],"curies":[{"name":"wp","href":"https:\/\/api.w.org\/{rel}","templated":true}]}}