{"id":13755,"date":"2022-10-31T17:56:34","date_gmt":"2022-10-31T17:56:34","guid":{"rendered":"http:\/\/staging.ibermusicas.org\/?p=13755"},"modified":"2022-11-30T14:44:27","modified_gmt":"2022-11-30T14:44:27","slug":"la-artista-peruana-de-pop-urbano-naia-valdez-se-presentara-en-medellin-colombia","status":"publish","type":"post","link":"http:\/\/staging.ibermusicas.org\/index.php\/la-artista-peruana-de-pop-urbano-naia-valdez-se-presentara-en-medellin-colombia\/","title":{"rendered":"La artista peruana de pop urbano Na\u00efa Valdez se presentar\u00e1 en Medell\u00edn, Colombia"},"content":{"rendered":"<p>Na\u00efa Valdez creci\u00f3 entre salas de grabaci\u00f3n y conciertos \u2500pues sus padres son m\u00fasicos\u2500 sin saber que, a\u00f1os despu\u00e9s, terminar\u00eda dedic\u00e1ndose a lo que m\u00e1s la apasiona: la m\u00fasica. La cantante peruana, que empez\u00f3 a crear melod\u00edas desde peque\u00f1a, hoy tiene claro su futuro: quiere llevar su m\u00fasica a todo el Per\u00fa, componer y cantar (cada vez m\u00e1s) y ser capaz de fusionar el folk con el pop y los ritmos peruanos.<\/p>\n<p>Artistas Invitados: <a href=\"https:\/\/www.instagram.com\/kombagrr\/?hl=es\">Komba (Col)<\/a>, <a href=\"https:\/\/www.instagram.com\/lapardooficial\/?hl=es\">La Pardo (Col)<\/a>, <a href=\"https:\/\/www.instagram.com\/gianlucazanelatto\/?hl=es\">Gianluca Zanelatto (Uy)<\/a>.<\/p>\n<p>&nbsp;<\/p>\n<p>Flamante (Medell\u00edn), 10 de noviembre 21:00 hs.<\/p>\n","protected":false},"excerpt":{"rendered":"<p>Na\u00efa Valdez creci\u00f3 entre salas de grabaci\u00f3n y conciertos \u2500pues sus padres son m\u00fasicos\u2500 sin saber que, a\u00f1os despu\u00e9s, terminar\u00eda dedic\u00e1ndose a lo que m\u00e1s la apasiona: la m\u00fasica. La cantante peruana, que empez\u00f3 a crear melod\u00edas desde peque\u00f1a, hoy tiene claro su futuro: quiere llevar su m\u00fasica a todo el Per\u00fa, componer y cantar [&hellip;]<\/p>\n","protected":false},"author":1,"featured_media":13756,"comment_status":"closed","ping_status":"closed","sticky":false,"template":"","format":"standard","meta":{"footnotes":""},"categories":[53],"tags":[],"class_list":["post-13755","post","type-post","status-publish","format-standard","has-post-thumbnail","hentry","category-noticias-generales"],"lang":"es","translations":{"es":13755,"pt":13758},"pll_sync_post":[],"post_mailing_queue_ids":[],"_links":{"self":[{"href":"http:\/\/staging.ibermusicas.org\/index.php\/wp-json\/wp\/v2\/posts\/13755","targetHints":{"allow":["GET"]}}],"collection":[{"href":"http:\/\/staging.ibermusicas.org\/index.php\/wp-json\/wp\/v2\/posts"}],"about":[{"href":"http:\/\/staging.ibermusicas.org\/index.php\/wp-json\/wp\/v2\/types\/post"}],"author":[{"embeddable":true,"href":"http:\/\/staging.ibermusicas.org\/index.php\/wp-json\/wp\/v2\/users\/1"}],"replies":[{"embeddable":true,"href":"http:\/\/staging.ibermusicas.org\/index.php\/wp-json\/wp\/v2\/comments?post=13755"}],"version-history":[{"count":1,"href":"http:\/\/staging.ibermusicas.org\/index.php\/wp-json\/wp\/v2\/posts\/13755\/revisions"}],"predecessor-version":[{"id":13757,"href":"http:\/\/staging.ibermusicas.org\/index.php\/wp-json\/wp\/v2\/posts\/13755\/revisions\/13757"}],"wp:featuredmedia":[{"embeddable":true,"href":"http:\/\/staging.ibermusicas.org\/index.php\/wp-json\/wp\/v2\/media\/13756"}],"wp:attachment":[{"href":"http:\/\/staging.ibermusicas.org\/index.php\/wp-json\/wp\/v2\/media?parent=13755"}],"wp:term":[{"taxonomy":"category","embeddable":true,"href":"http:\/\/staging.ibermusicas.org\/index.php\/wp-json\/wp\/v2\/categories?post=13755"},{"taxonomy":"post_tag","embeddable":true,"href":"http:\/\/staging.ibermusicas.org\/index.php\/wp-json\/wp\/v2\/tags?post=13755"}],"curies":[{"name":"wp","href":"https:\/\/api.w.org\/{rel}","templated":true}]}}