{"id":13758,"date":"2022-10-31T17:58:49","date_gmt":"2022-10-31T17:58:49","guid":{"rendered":"http:\/\/staging.ibermusicas.org\/?p=13758"},"modified":"2022-11-30T14:48:04","modified_gmt":"2022-11-30T14:48:04","slug":"a-artista-pop-urbana-peruana-naia-valdez-se-apresentara-em-medellin-colombia","status":"publish","type":"post","link":"http:\/\/staging.ibermusicas.org\/index.php\/a-artista-pop-urbana-peruana-naia-valdez-se-apresentara-em-medellin-colombia\/","title":{"rendered":"A artista pop urbana peruana Na\u00efa Valdez se apresentar\u00e1 em Medell\u00edn, Col\u00f4mbia"},"content":{"rendered":"<p>Na\u00efa Valdez cresceu entre est\u00fadios de grava\u00e7\u00e3o e concertos &#8211; seus pais s\u00e3o m\u00fasicos &#8211; sem saber que, anos mais tarde, ela acabaria se dedicando ao que mais lhe apaixona: a m\u00fasica. A cantora peruana, que come\u00e7ou a criar melodias desde cedo, tem agora uma vis\u00e3o clara de seu futuro: quer levar sua m\u00fasica para todo o Peru, compor e cantar (cada vez mais) e ser capaz de fundir o folk com pop e ritmos peruanos.<\/p>\n<p>&nbsp;<\/p>\n<p>Artistas convidados: Komba (Col), La Pardo (Col), Gianluca Zanelatto (Uy).<\/p>\n<p>&nbsp;<\/p>\n<p>&nbsp;<\/p>\n<p>Flamante (Medell\u00edn), 10 de novembro 21:00 hs.<\/p>\n","protected":false},"excerpt":{"rendered":"<p>Na\u00efa Valdez cresceu entre est\u00fadios de grava\u00e7\u00e3o e concertos &#8211; seus pais s\u00e3o m\u00fasicos &#8211; sem saber que, anos mais tarde, ela acabaria se dedicando ao que mais lhe apaixona: a m\u00fasica. A cantora peruana, que come\u00e7ou a criar melodias desde cedo, tem agora uma vis\u00e3o clara de seu futuro: quer levar sua m\u00fasica para [&hellip;]<\/p>\n","protected":false},"author":1,"featured_media":13756,"comment_status":"closed","ping_status":"closed","sticky":false,"template":"","format":"standard","meta":{"footnotes":""},"categories":[218],"tags":[],"class_list":["post-13758","post","type-post","status-publish","format-standard","has-post-thumbnail","hentry","category-noticias-generales-pt"],"lang":"pt","translations":{"pt":13758,"es":13755},"pll_sync_post":[],"post_mailing_queue_ids":[],"_links":{"self":[{"href":"http:\/\/staging.ibermusicas.org\/index.php\/wp-json\/wp\/v2\/posts\/13758","targetHints":{"allow":["GET"]}}],"collection":[{"href":"http:\/\/staging.ibermusicas.org\/index.php\/wp-json\/wp\/v2\/posts"}],"about":[{"href":"http:\/\/staging.ibermusicas.org\/index.php\/wp-json\/wp\/v2\/types\/post"}],"author":[{"embeddable":true,"href":"http:\/\/staging.ibermusicas.org\/index.php\/wp-json\/wp\/v2\/users\/1"}],"replies":[{"embeddable":true,"href":"http:\/\/staging.ibermusicas.org\/index.php\/wp-json\/wp\/v2\/comments?post=13758"}],"version-history":[{"count":1,"href":"http:\/\/staging.ibermusicas.org\/index.php\/wp-json\/wp\/v2\/posts\/13758\/revisions"}],"predecessor-version":[{"id":13759,"href":"http:\/\/staging.ibermusicas.org\/index.php\/wp-json\/wp\/v2\/posts\/13758\/revisions\/13759"}],"wp:featuredmedia":[{"embeddable":true,"href":"http:\/\/staging.ibermusicas.org\/index.php\/wp-json\/wp\/v2\/media\/13756"}],"wp:attachment":[{"href":"http:\/\/staging.ibermusicas.org\/index.php\/wp-json\/wp\/v2\/media?parent=13758"}],"wp:term":[{"taxonomy":"category","embeddable":true,"href":"http:\/\/staging.ibermusicas.org\/index.php\/wp-json\/wp\/v2\/categories?post=13758"},{"taxonomy":"post_tag","embeddable":true,"href":"http:\/\/staging.ibermusicas.org\/index.php\/wp-json\/wp\/v2\/tags?post=13758"}],"curies":[{"name":"wp","href":"https:\/\/api.w.org\/{rel}","templated":true}]}}