{"id":13763,"date":"2022-10-31T18:02:31","date_gmt":"2022-10-31T18:02:31","guid":{"rendered":"http:\/\/staging.ibermusicas.org\/?p=13763"},"modified":"2022-11-30T14:47:58","modified_gmt":"2022-11-30T14:47:58","slug":"com-a-presenca-de-importantes-artistas-da-argentina-brasil-chile-colombia-e-panama-o-festival-impulso-latino-tera-lugar-em-buenos-aires","status":"publish","type":"post","link":"http:\/\/staging.ibermusicas.org\/index.php\/com-a-presenca-de-importantes-artistas-da-argentina-brasil-chile-colombia-e-panama-o-festival-impulso-latino-tera-lugar-em-buenos-aires\/","title":{"rendered":"Com a presen\u00e7a de importantes artistas da Argentina, Brasil, Chile, Col\u00f4mbia e Panam\u00e1, o Festival Impulso Latino ter\u00e1 lugar em Buenos Aires"},"content":{"rendered":"<p>O Festival de la Patria Grande contar\u00e1 com um line-up de luxo de artistas da Argentina, Chile, Panam\u00e1, Brasil e Col\u00f4mbia.<\/p>\n<p>&nbsp;<\/p>\n<p>Impulso Latino \u00e9 um festival de m\u00fasica que apresenta e promove m\u00fasica latino-americana de alta qualidade e virtuosidade. S\u00e3o grupos musicais que incluem nas suas propostas o som de ra\u00edzes em fus\u00e3o com o contempor\u00e2neo, que levam a can\u00e7\u00e3o ao m\u00e1ximo da sua express\u00e3o e como eixo de transmiss\u00e3o de valores e de liga\u00e7\u00e3o com o esp\u00edrito. Nesta primeira vers\u00e3o apresentamos um punhado de artistas com um discurso poderoso, com algo importante para transmitir \u00e0 humanidade e com uma beleza musical que enriquece os cora\u00e7\u00f5es.<\/p>\n<p>&nbsp;<\/p>\n<p>A 11 de Novembro \u00e0s 20:30 o Festival ser\u00e1 aberto com um espect\u00e1culo a solo do m\u00fasico de Piedecuesta, o colombiano Edson Velandia. A data encontra-se no m\u00edtico La Catedral, um local de tango subterr\u00e2neo na cidade de Buenos Aires.<\/p>\n<p>&nbsp;<\/p>\n<p>Continua no s\u00e1bado 19 de Novembro \u00e0s 20:00 no belo Teatro Margarita Xirgu em San Telmo. Nessa noite, o anfitri\u00e3o do Festival: Sofia Viola, juntamente com Luciana Jury, o m\u00fasico panamenho Carlos M\u00e9ndez, a chilena Camila Vaccaro e o mestre pianista brasileiro Benjamim Taubkin actuar\u00e3o em palco.<\/p>\n<p>&nbsp;<\/p>\n<p>Profundidade, divers\u00e3o, amor, abra\u00e7o musical latino-americano, isso \u00e9 Impulso Latino.<\/p>\n<p>&nbsp;<\/p>\n<p>11 de Novembro 20:30 hs. Edson Velandia (Col\u00f4mbia). Abertura em La Catedral, Sarmiento 4006, Abasto.<\/p>\n<p>19 de Novembro 20:00 hs.\u00a0 Impulso Latino no Teatro Xirgu-Untref, Chacabuco 875, San Telmo com Sofia Viola, Luciana J\u00fari, Carlos Mendez (Panam\u00e1), Camila Vaccaro (Chile) e Benjamim Taubkin (Brasil).<\/p>\n","protected":false},"excerpt":{"rendered":"<p>O Festival de la Patria Grande contar\u00e1 com um line-up de luxo de artistas da Argentina, Chile, Panam\u00e1, Brasil e Col\u00f4mbia. &nbsp; Impulso Latino \u00e9 um festival de m\u00fasica que apresenta e promove m\u00fasica latino-americana de alta qualidade e virtuosidade. S\u00e3o grupos musicais que incluem nas suas propostas o som de ra\u00edzes em fus\u00e3o com [&hellip;]<\/p>\n","protected":false},"author":1,"featured_media":13761,"comment_status":"closed","ping_status":"closed","sticky":false,"template":"","format":"standard","meta":{"footnotes":""},"categories":[218],"tags":[],"class_list":["post-13763","post","type-post","status-publish","format-standard","has-post-thumbnail","hentry","category-noticias-generales-pt"],"lang":"pt","translations":{"pt":13763,"es":13760},"pll_sync_post":[],"post_mailing_queue_ids":[],"_links":{"self":[{"href":"http:\/\/staging.ibermusicas.org\/index.php\/wp-json\/wp\/v2\/posts\/13763","targetHints":{"allow":["GET"]}}],"collection":[{"href":"http:\/\/staging.ibermusicas.org\/index.php\/wp-json\/wp\/v2\/posts"}],"about":[{"href":"http:\/\/staging.ibermusicas.org\/index.php\/wp-json\/wp\/v2\/types\/post"}],"author":[{"embeddable":true,"href":"http:\/\/staging.ibermusicas.org\/index.php\/wp-json\/wp\/v2\/users\/1"}],"replies":[{"embeddable":true,"href":"http:\/\/staging.ibermusicas.org\/index.php\/wp-json\/wp\/v2\/comments?post=13763"}],"version-history":[{"count":1,"href":"http:\/\/staging.ibermusicas.org\/index.php\/wp-json\/wp\/v2\/posts\/13763\/revisions"}],"predecessor-version":[{"id":13764,"href":"http:\/\/staging.ibermusicas.org\/index.php\/wp-json\/wp\/v2\/posts\/13763\/revisions\/13764"}],"wp:featuredmedia":[{"embeddable":true,"href":"http:\/\/staging.ibermusicas.org\/index.php\/wp-json\/wp\/v2\/media\/13761"}],"wp:attachment":[{"href":"http:\/\/staging.ibermusicas.org\/index.php\/wp-json\/wp\/v2\/media?parent=13763"}],"wp:term":[{"taxonomy":"category","embeddable":true,"href":"http:\/\/staging.ibermusicas.org\/index.php\/wp-json\/wp\/v2\/categories?post=13763"},{"taxonomy":"post_tag","embeddable":true,"href":"http:\/\/staging.ibermusicas.org\/index.php\/wp-json\/wp\/v2\/tags?post=13763"}],"curies":[{"name":"wp","href":"https:\/\/api.w.org\/{rel}","templated":true}]}}