{"id":13768,"date":"2022-10-31T18:08:06","date_gmt":"2022-10-31T18:08:06","guid":{"rendered":"http:\/\/staging.ibermusicas.org\/?p=13768"},"modified":"2022-11-30T14:47:53","modified_gmt":"2022-11-30T14:47:53","slug":"o-guitarrista-argentino-xavier-moyano-embarca-se-numa-turne-pelo-mexico-en-guatemala","status":"publish","type":"post","link":"http:\/\/staging.ibermusicas.org\/index.php\/o-guitarrista-argentino-xavier-moyano-embarca-se-numa-turne-pelo-mexico-en-guatemala\/","title":{"rendered":"O guitarrista argentino Xavier Moyano embarca-se numa turn\u00ea pelo M\u00e9xico en Guatemala"},"content":{"rendered":"<p>O m\u00fasico argentino, nascido na prov\u00edncia de Tucum\u00e1n, far\u00e1 a sua primeira visita ao M\u00e9xico, com espect\u00e1culos e actividades educativas que vai partilhar com destacados guitarristas e artistas mexicanos.<\/p>\n<p>&nbsp;<\/p>\n<p>Xavier Moyano, nascido em 1981, \u00e9 um m\u00fasico, produtor, int\u00e9rprete, compositor e educador argentino. Come\u00e7ou a sua carreira como guitarrista de sess\u00e3o em Tucum\u00e1n em 1999. Em 2003 foi guitarrista da banda de rock\/pop \u00abAve C\u00e9sar\u00bb at\u00e9 2008, depois tornou-se instrumentalista de rock a solo. Entre 2009 e 2011 foi guitarrista e compositor da banda de metal \u00abSeliger\u00bb (Argentina\/Brasil), entre 2014 e 2019 foi guitarrista e produtor de \u00abCossas Novas\u00bb (Bossa \/ Fusion e Latin-Jazz), desde 2018 \u00e9 guitarrista e co-produtor de \u00abRock Bro&#8217;s\u00bb (Classic Rock). Atualmente \u00e9 guitarrista solo, m\u00fasico de sess\u00e3o e produtor.<\/p>\n<p>&nbsp;<\/p>\n<p>Xavier j\u00e1 levou a sua arte a mais de cem cidades em dez pa\u00edses, e ensina Oficinas de M\u00fasica, Improvisa\u00e7\u00e3o, Fus\u00e3o Musical, Gest\u00e3o Cultural; cl\u00ednicas e aulas de guitarra em conservat\u00f3rios, universidades, academias, institutos e escolas de m\u00fasica na Am\u00e9rica do Sul.<\/p>\n<p>&nbsp;<\/p>\n<p>11 de Novembro: Festival de Guitarra, com Hugo Loyo, Dann Senderovich, Cidade do M\u00e9xico.<\/p>\n<p>18 de Novembro: Oficina de Guitarra El\u00e9ctrica, Tijuana, M\u00e9xico.<\/p>\n<p>19 de novembro: exposi\u00e7\u00e3o com Arturo Campos, Tijuana, M\u00e9xico<\/p>\n<p>25 de Novembro: workshop e espect\u00e1culo com Edson Ortega, Chihuahua, M\u00e9xico<\/p>\n<p>26 de Novembro: workshop e espect\u00e1culo, convidado: Edson Ortega, Delicias, Chihuahua, M\u00e9xico<\/p>\n<p>2 de Dezembro: exposi\u00e7\u00e3o individual com artistas convidados, Cidade do M\u00e9xico, M\u00e9xico<\/p>\n<p>3 de Dezembro: Ciudad de los deportes stadium: \u00abRockLand\u00bb com artistas mexicanos, Cidade do M\u00e9xico, M\u00e9xico<\/p>\n<p>9 e 10 de Dezembro: cl\u00ednica e exposi\u00e7\u00e3o, com Walter Monsanto e Sergio Zepeda, Cidade da Guatemala, Guatemala<\/p>\n<p>17 de Dezembro: exposi\u00e7\u00e3o individual em Cancun, M\u00e9xico<\/p>\n","protected":false},"excerpt":{"rendered":"<p>O m\u00fasico argentino, nascido na prov\u00edncia de Tucum\u00e1n, far\u00e1 a sua primeira visita ao M\u00e9xico, com espect\u00e1culos e actividades educativas que vai partilhar com destacados guitarristas e artistas mexicanos. &nbsp; Xavier Moyano, nascido em 1981, \u00e9 um m\u00fasico, produtor, int\u00e9rprete, compositor e educador argentino. Come\u00e7ou a sua carreira como guitarrista de sess\u00e3o em Tucum\u00e1n em [&hellip;]<\/p>\n","protected":false},"author":1,"featured_media":13766,"comment_status":"closed","ping_status":"closed","sticky":false,"template":"","format":"standard","meta":{"footnotes":""},"categories":[218],"tags":[],"class_list":["post-13768","post","type-post","status-publish","format-standard","has-post-thumbnail","hentry","category-noticias-generales-pt"],"lang":"pt","translations":{"pt":13768,"es":13765},"pll_sync_post":[],"post_mailing_queue_ids":[],"_links":{"self":[{"href":"http:\/\/staging.ibermusicas.org\/index.php\/wp-json\/wp\/v2\/posts\/13768","targetHints":{"allow":["GET"]}}],"collection":[{"href":"http:\/\/staging.ibermusicas.org\/index.php\/wp-json\/wp\/v2\/posts"}],"about":[{"href":"http:\/\/staging.ibermusicas.org\/index.php\/wp-json\/wp\/v2\/types\/post"}],"author":[{"embeddable":true,"href":"http:\/\/staging.ibermusicas.org\/index.php\/wp-json\/wp\/v2\/users\/1"}],"replies":[{"embeddable":true,"href":"http:\/\/staging.ibermusicas.org\/index.php\/wp-json\/wp\/v2\/comments?post=13768"}],"version-history":[{"count":1,"href":"http:\/\/staging.ibermusicas.org\/index.php\/wp-json\/wp\/v2\/posts\/13768\/revisions"}],"predecessor-version":[{"id":13769,"href":"http:\/\/staging.ibermusicas.org\/index.php\/wp-json\/wp\/v2\/posts\/13768\/revisions\/13769"}],"wp:featuredmedia":[{"embeddable":true,"href":"http:\/\/staging.ibermusicas.org\/index.php\/wp-json\/wp\/v2\/media\/13766"}],"wp:attachment":[{"href":"http:\/\/staging.ibermusicas.org\/index.php\/wp-json\/wp\/v2\/media?parent=13768"}],"wp:term":[{"taxonomy":"category","embeddable":true,"href":"http:\/\/staging.ibermusicas.org\/index.php\/wp-json\/wp\/v2\/categories?post=13768"},{"taxonomy":"post_tag","embeddable":true,"href":"http:\/\/staging.ibermusicas.org\/index.php\/wp-json\/wp\/v2\/tags?post=13768"}],"curies":[{"name":"wp","href":"https:\/\/api.w.org\/{rel}","templated":true}]}}