{"id":13987,"date":"2022-11-15T18:36:57","date_gmt":"2022-11-15T18:36:57","guid":{"rendered":"http:\/\/staging.ibermusicas.org\/?p=13987"},"modified":"2022-11-30T14:47:39","modified_gmt":"2022-11-30T14:47:39","slug":"sera-realizado-em-2o-simposio-de-musica-no-paraguai-a-guarania-patrimonio-cultural-imaterial-do-paraguai-para-o-mundo","status":"publish","type":"post","link":"http:\/\/staging.ibermusicas.org\/index.php\/sera-realizado-em-2o-simposio-de-musica-no-paraguai-a-guarania-patrimonio-cultural-imaterial-do-paraguai-para-o-mundo\/","title":{"rendered":"Ser\u00e1 realizado em 2\u00ba. Simp\u00f3sio de M\u00fasica no Paraguai &#8211; A Guar\u00e2nia Patrim\u00f4nio Cultural Imaterial do Paraguai para o Mundo"},"content":{"rendered":"<p>A Secretaria Nacional de Cultura (SNC) organiza o \u201c2\u00ba Simp\u00f3sio de M\u00fasica no Paraguay: Guarania, Patrim\u00f4nio Cultural Imaterial do Paraguai para o Mundo\u201d com o lema em guarani \u201cTaipu rory \u00f1ane remiandu \u2013 Deixe nosso sentimento soar feliz\u201d. O evento \u00e9 patrocinado pelo programa Iberm\u00fasicas, a Dire\u00e7\u00e3o Nacional de Propriedade Intelectual (DINAPI), a Faculdade de Arquitetura, Design e Arte (FADA) da Universidade de Assun\u00e7\u00e3o (UNA) e as sociedades de gest\u00e3o coletiva: Entidade Paraguaia de Artistas Int\u00e9rpretes ou Performers (AIE), Autores Paraguayos Associados (APA) e a Sociedade Gestora de Produtores Fonogr\u00e1ficos do Paraguai (SGP).<\/p>\n<p>Incluir\u00e1 temas como \u00abGuar\u00e2nia e m\u00fasica contempor\u00e2nea\u00bb, \u00abPoesia na Guar\u00e2nia\u00bb, \u00abO popular e o sinf\u00f4nico na Guar\u00e2nia\u00bb, \u00abGuar\u00e2nia no contexto s\u00f3cio-hist\u00f3rico atual\u00bb e \u00abVistas de Guar\u00e2nia da Am\u00e9rica Latina\u00bb, entre outros.<\/p>\n<p>Ser\u00e1 na quinta-feira, 17 de novembro e sexta-feira, 18 de novembro, no S\u00edtio da Mem\u00f3ria e Centro Cultural 1A Ycu\u00e1 Bola\u00f1os com acesso gratuito, pr\u00e9via inscri\u00e7\u00e3o online. O Simp\u00f3sio reunir\u00e1 m\u00fasicos e estudiosos da m\u00fasica do Paraguai em torno de uma profunda reflex\u00e3o sobre o Guar\u00e2nia, para apoiar e acompanhar a nomea\u00e7\u00e3o deste g\u00eanero musical como Patrim\u00f4nio Cultural Imaterial da Humanidade perante a UNESCO, a ser apresentado pelo Paraguai em 2023.<\/p>\n<p>Na cerim\u00f4nia de encerramento, no dia 18 de novembro, ser\u00e1 anunciado o trabalho premiado no Concurso Ibero-Americano \u00abLa Guar\u00e2nia, trilha sonora paraguaia para o mundo &#8211; Cria\u00e7\u00e3o da Can\u00e7\u00e3o\u00bb.<\/p>\n<p>&nbsp;<\/p>\n<p>S\u00edtio da Mem\u00f3ria e Centro Cultural 1 A Ycu\u00e1 Bola\u00f1os<\/p>\n<p>17 e 18 de novembro<\/p>\n<p><a href=\"http:\/\/www.cultura.gov.py\">www.cultura.gov.py<\/a><\/p>\n<p><a href=\"https:\/\/forms.zohopublic.com\/secretaranacionaldecultura\/form\/2doSimposiodelaMsicaenel\">https:\/\/forms.zohopublic.com\/secretaranacionaldecultura\/form\/2doSimposiodelaMsicaenel<\/a><\/p>\n<p>Paraguay\/formperma\/bL4qMOdxUhJB5BBYJqS6xem-UkDyBk0n8wbt78Nhh1M<\/p>\n","protected":false},"excerpt":{"rendered":"<p>A Secretaria Nacional de Cultura (SNC) organiza o \u201c2\u00ba Simp\u00f3sio de M\u00fasica no Paraguay: Guarania, Patrim\u00f4nio Cultural Imaterial do Paraguai para o Mundo\u201d com o lema em guarani \u201cTaipu rory \u00f1ane remiandu \u2013 Deixe nosso sentimento soar feliz\u201d. O evento \u00e9 patrocinado pelo programa Iberm\u00fasicas, a Dire\u00e7\u00e3o Nacional de Propriedade Intelectual (DINAPI), a Faculdade de [&hellip;]<\/p>\n","protected":false},"author":1,"featured_media":13985,"comment_status":"closed","ping_status":"closed","sticky":false,"template":"","format":"standard","meta":{"footnotes":""},"categories":[218],"tags":[],"class_list":["post-13987","post","type-post","status-publish","format-standard","has-post-thumbnail","hentry","category-noticias-generales-pt"],"lang":"pt","translations":{"pt":13987,"es":13984},"pll_sync_post":[],"post_mailing_queue_ids":[],"_links":{"self":[{"href":"http:\/\/staging.ibermusicas.org\/index.php\/wp-json\/wp\/v2\/posts\/13987","targetHints":{"allow":["GET"]}}],"collection":[{"href":"http:\/\/staging.ibermusicas.org\/index.php\/wp-json\/wp\/v2\/posts"}],"about":[{"href":"http:\/\/staging.ibermusicas.org\/index.php\/wp-json\/wp\/v2\/types\/post"}],"author":[{"embeddable":true,"href":"http:\/\/staging.ibermusicas.org\/index.php\/wp-json\/wp\/v2\/users\/1"}],"replies":[{"embeddable":true,"href":"http:\/\/staging.ibermusicas.org\/index.php\/wp-json\/wp\/v2\/comments?post=13987"}],"version-history":[{"count":1,"href":"http:\/\/staging.ibermusicas.org\/index.php\/wp-json\/wp\/v2\/posts\/13987\/revisions"}],"predecessor-version":[{"id":13988,"href":"http:\/\/staging.ibermusicas.org\/index.php\/wp-json\/wp\/v2\/posts\/13987\/revisions\/13988"}],"wp:featuredmedia":[{"embeddable":true,"href":"http:\/\/staging.ibermusicas.org\/index.php\/wp-json\/wp\/v2\/media\/13985"}],"wp:attachment":[{"href":"http:\/\/staging.ibermusicas.org\/index.php\/wp-json\/wp\/v2\/media?parent=13987"}],"wp:term":[{"taxonomy":"category","embeddable":true,"href":"http:\/\/staging.ibermusicas.org\/index.php\/wp-json\/wp\/v2\/categories?post=13987"},{"taxonomy":"post_tag","embeddable":true,"href":"http:\/\/staging.ibermusicas.org\/index.php\/wp-json\/wp\/v2\/tags?post=13987"}],"curies":[{"name":"wp","href":"https:\/\/api.w.org\/{rel}","templated":true}]}}