{"id":14003,"date":"2022-11-15T19:12:13","date_gmt":"2022-11-15T19:12:13","guid":{"rendered":"http:\/\/staging.ibermusicas.org\/?p=14003"},"modified":"2022-11-30T14:47:20","modified_gmt":"2022-11-30T14:47:20","slug":"encontro-warmi-sikuris-e-warmi-lakitas-na-latinoamerica","status":"publish","type":"post","link":"http:\/\/staging.ibermusicas.org\/index.php\/encontro-warmi-sikuris-e-warmi-lakitas-na-latinoamerica\/","title":{"rendered":"Encontro Warmi Sikuris e Warmi Lakitas na Latinoam\u00e9rica"},"content":{"rendered":"<p>O \u00abEncontro Warmi Sikuris e Warmi Lakitas na Am\u00e9rica Latina\u00bb nasceu com o objetivo de tornar vis\u00edvel e articular o trabalho das mulheres e dissidentes sikuris e lakitas, enfatizando sua contribui\u00e7\u00e3o para a comunidade e refor\u00e7ando quest\u00f5es vitais como o empoderamento de mulheres, meninas, adolescentes e da popula\u00e7\u00e3o LGTBIQ+ por meio da cultura, m\u00fasica e arte, para gerar identidade. O encontro ser\u00e1 realizado com as comunidades de warmi sikuris e warmi lakitas do Peru, Chile, Argentina e Bol\u00edvia, e abordar\u00e1 oficinas virtuais e presenciais, exposi\u00e7\u00f5es de pesquisa, exibi\u00e7\u00f5es de document\u00e1rios e apresenta\u00e7\u00f5es musicais.<\/p>\n<p>&nbsp;<\/p>\n<p>A origem deste encontro est\u00e1 nos la\u00e7os tecidos desde 2020, onde 8 comparsas de mulheres do sopro se contataram virtualmente pela primeira vez a partir da necessidade de conhecer outras mulheres ligadas \u00e0 m\u00fasica e ancestralidade dentro de Abya Yet the. Este contacto deixou-lhes experi\u00eancias comuns, uma vontade de se conhecerem, tocarem ao vivo e trocarem repert\u00f3rio, raz\u00e3o pela qual nasceu esta terceira vers\u00e3o do encontro, que permitir\u00e1 a sua primeira vers\u00e3o mista (em virtual e presencial).<\/p>\n<p>17 de novembro, 19h Workshop Sikuris na Modalidade Virtual.<\/p>\n<p>30 de novembro, 19h Apresenta\u00e7\u00e3o da pesquisa<\/p>\n<p>Mais informa\u00e7\u00f5es em warmisikuris@gmail.com<\/p>\n","protected":false},"excerpt":{"rendered":"<p>O \u00abEncontro Warmi Sikuris e Warmi Lakitas na Am\u00e9rica Latina\u00bb nasceu com o objetivo de tornar vis\u00edvel e articular o trabalho das mulheres e dissidentes sikuris e lakitas, enfatizando sua contribui\u00e7\u00e3o para a comunidade e refor\u00e7ando quest\u00f5es vitais como o empoderamento de mulheres, meninas, adolescentes e da popula\u00e7\u00e3o LGTBIQ+ por meio da cultura, m\u00fasica e [&hellip;]<\/p>\n","protected":false},"author":1,"featured_media":14001,"comment_status":"closed","ping_status":"closed","sticky":false,"template":"","format":"standard","meta":{"footnotes":""},"categories":[218],"tags":[],"class_list":["post-14003","post","type-post","status-publish","format-standard","has-post-thumbnail","hentry","category-noticias-generales-pt"],"lang":"pt","translations":{"pt":14003,"es":14000},"pll_sync_post":[],"post_mailing_queue_ids":[],"_links":{"self":[{"href":"http:\/\/staging.ibermusicas.org\/index.php\/wp-json\/wp\/v2\/posts\/14003","targetHints":{"allow":["GET"]}}],"collection":[{"href":"http:\/\/staging.ibermusicas.org\/index.php\/wp-json\/wp\/v2\/posts"}],"about":[{"href":"http:\/\/staging.ibermusicas.org\/index.php\/wp-json\/wp\/v2\/types\/post"}],"author":[{"embeddable":true,"href":"http:\/\/staging.ibermusicas.org\/index.php\/wp-json\/wp\/v2\/users\/1"}],"replies":[{"embeddable":true,"href":"http:\/\/staging.ibermusicas.org\/index.php\/wp-json\/wp\/v2\/comments?post=14003"}],"version-history":[{"count":1,"href":"http:\/\/staging.ibermusicas.org\/index.php\/wp-json\/wp\/v2\/posts\/14003\/revisions"}],"predecessor-version":[{"id":14004,"href":"http:\/\/staging.ibermusicas.org\/index.php\/wp-json\/wp\/v2\/posts\/14003\/revisions\/14004"}],"wp:featuredmedia":[{"embeddable":true,"href":"http:\/\/staging.ibermusicas.org\/index.php\/wp-json\/wp\/v2\/media\/14001"}],"wp:attachment":[{"href":"http:\/\/staging.ibermusicas.org\/index.php\/wp-json\/wp\/v2\/media?parent=14003"}],"wp:term":[{"taxonomy":"category","embeddable":true,"href":"http:\/\/staging.ibermusicas.org\/index.php\/wp-json\/wp\/v2\/categories?post=14003"},{"taxonomy":"post_tag","embeddable":true,"href":"http:\/\/staging.ibermusicas.org\/index.php\/wp-json\/wp\/v2\/tags?post=14003"}],"curies":[{"name":"wp","href":"https:\/\/api.w.org\/{rel}","templated":true}]}}