{"id":14043,"date":"2022-11-16T12:48:57","date_gmt":"2022-11-16T12:48:57","guid":{"rendered":"http:\/\/staging.ibermusicas.org\/?p=14043"},"modified":"2022-11-16T12:48:57","modified_gmt":"2022-11-16T12:48:57","slug":"juliana-sivila-presenta-musica-argentina-y-latinoamericana-para-clarinete-y-clarinete-bajo","status":"publish","type":"post","link":"http:\/\/staging.ibermusicas.org\/index.php\/juliana-sivila-presenta-musica-argentina-y-latinoamericana-para-clarinete-y-clarinete-bajo\/","title":{"rendered":"Juliana Sivila presenta M\u00fasica Argentina y Latinoamericana para clarinete y clarinete bajo"},"content":{"rendered":"<p>Juliana Sivila junto a Gabriel S\u00e1nchez de la Vega al piano, interpretar\u00e1n obras de Paquito D\u00b4 Rivera, Carlos Guastavino y Astor Piazzolla.<\/p>\n<p>&nbsp;<\/p>\n<p>Juliana Sivila es clarinetista de la Orquesta Sinf\u00f3nica Provincial de Rosario,\u00a0 Argentina, se especializa en clarinete bajo y requinto. Recientemente result\u00f3 ganadora del II Concurso Latinoamericano de clarinete bajo organizado por CLARIPERU y fu\u00e9 seleccionada para participar en enero pr\u00f3ximo del \u201cLow Clarinet Festival\u201d en Arizona, el primer festival de clarinetes bajos organizado por el ICA (International Clarinet Association).<\/p>\n<p>&nbsp;<\/p>\n<p>Particip\u00f3 en diversos festivales y clases magistrales impartidas por los maestros Cristiano Alves, Ovanir Bousi (Brasil) Luis Rossi (Chile), Mariano Rey (Argentina), Ron Samuels (USA),Valdemar Rodr\u00edguez (Venezuela), Olivier Patey (Concertgebouworkest), Sauro Berti (\u00d3pera de Roma) y Anthony McGill (Filarm\u00f3nica de NY). Result\u00f3 ganadora en las ediciones 2013 y 2015 del Fondo de Becas del Mozarteum Argentino para perfeccionamiento instrumental con el Mtro. Carlos C\u00e9spedes.<\/p>\n<p>&nbsp;<\/p>\n<p>Actualmente cursa estudios en la Maestr\u00eda en Interpretaci\u00f3n en M\u00fasica de C\u00e1mara en la Universidad Nacional de Rosario, es docente de la Escuela Orquesta del Barrio Ludue\u00f1a y forma parte del tr\u00edo de C\u00e1mara Ridzevski-Sivila- S\u00e1nchez de la Vega realizando giras,\u00a0 conciertos y actividades pedag\u00f3gicas por diferentes salas del pa\u00eds.<\/p>\n<p>&nbsp;<\/p>\n<p>En el a\u00f1o 2019 recibi\u00f3 el \u201cPremio adolescentes y j\u00f3venes destacados\u201d en el rubro Cultural, entregado por la Secretar\u00eda de Cultura de la Municipalidad de San Salvador de Jujuy en reconocimiento a la trayectoria profesional y labor docente.<\/p>\n<p>&nbsp;<\/p>\n<p>Mi\u00e9rcoles 23 de noviembre<\/p>\n<p><a href=\"https:\/\/youtube.com\/channel\/UClywtrMO21fLptJYB1gAR8Q\">https:\/\/youtube.com\/channel\/UClywtrMO21fLptJYB1gAR8Q<\/a><\/p>\n","protected":false},"excerpt":{"rendered":"<p>Juliana Sivila junto a Gabriel S\u00e1nchez de la Vega al piano, interpretar\u00e1n obras de Paquito D\u00b4 Rivera, Carlos Guastavino y Astor Piazzolla. &nbsp; Juliana Sivila es clarinetista de la Orquesta Sinf\u00f3nica Provincial de Rosario,\u00a0 Argentina, se especializa en clarinete bajo y requinto. Recientemente result\u00f3 ganadora del II Concurso Latinoamericano de clarinete bajo organizado por CLARIPERU [&hellip;]<\/p>\n","protected":false},"author":1,"featured_media":14044,"comment_status":"closed","ping_status":"closed","sticky":false,"template":"","format":"standard","meta":{"footnotes":""},"categories":[53],"tags":[],"class_list":["post-14043","post","type-post","status-publish","format-standard","has-post-thumbnail","hentry","category-noticias-generales"],"lang":"es","translations":{"es":14043,"pt":14046},"pll_sync_post":[],"post_mailing_queue_ids":[],"_links":{"self":[{"href":"http:\/\/staging.ibermusicas.org\/index.php\/wp-json\/wp\/v2\/posts\/14043","targetHints":{"allow":["GET"]}}],"collection":[{"href":"http:\/\/staging.ibermusicas.org\/index.php\/wp-json\/wp\/v2\/posts"}],"about":[{"href":"http:\/\/staging.ibermusicas.org\/index.php\/wp-json\/wp\/v2\/types\/post"}],"author":[{"embeddable":true,"href":"http:\/\/staging.ibermusicas.org\/index.php\/wp-json\/wp\/v2\/users\/1"}],"replies":[{"embeddable":true,"href":"http:\/\/staging.ibermusicas.org\/index.php\/wp-json\/wp\/v2\/comments?post=14043"}],"version-history":[{"count":1,"href":"http:\/\/staging.ibermusicas.org\/index.php\/wp-json\/wp\/v2\/posts\/14043\/revisions"}],"predecessor-version":[{"id":14045,"href":"http:\/\/staging.ibermusicas.org\/index.php\/wp-json\/wp\/v2\/posts\/14043\/revisions\/14045"}],"wp:featuredmedia":[{"embeddable":true,"href":"http:\/\/staging.ibermusicas.org\/index.php\/wp-json\/wp\/v2\/media\/14044"}],"wp:attachment":[{"href":"http:\/\/staging.ibermusicas.org\/index.php\/wp-json\/wp\/v2\/media?parent=14043"}],"wp:term":[{"taxonomy":"category","embeddable":true,"href":"http:\/\/staging.ibermusicas.org\/index.php\/wp-json\/wp\/v2\/categories?post=14043"},{"taxonomy":"post_tag","embeddable":true,"href":"http:\/\/staging.ibermusicas.org\/index.php\/wp-json\/wp\/v2\/tags?post=14043"}],"curies":[{"name":"wp","href":"https:\/\/api.w.org\/{rel}","templated":true}]}}