{"id":14450,"date":"2022-12-14T19:06:04","date_gmt":"2022-12-14T19:06:04","guid":{"rendered":"http:\/\/staging.ibermusicas.org\/?p=14450"},"modified":"2022-12-14T19:06:04","modified_gmt":"2022-12-14T19:06:04","slug":"continua-el-encuentro-warmi-sikuris-y-warmi-lakitas-en-latinoamerica","status":"publish","type":"post","link":"http:\/\/staging.ibermusicas.org\/index.php\/continua-el-encuentro-warmi-sikuris-y-warmi-lakitas-en-latinoamerica\/","title":{"rendered":"Contin\u00faa el Encuentro Warmi Sikuris y Warmi Lakitas en Latinoam\u00e9rica"},"content":{"rendered":"<p>El Encuentro Warmi Sikuris y Warmi Lakitas en Latinoam\u00e9rica es un proyecto realizado de manera comunitaria y nace para visibilizar y articular el trabajo de las mujeres sikuris y lakitas en Latinoam\u00e9rica, haciendo \u00e9nfasis en su aporte a la comunidad y reforzando temas vitales como el empoderamiento de mujeres, ni\u00f1as, adolescentes y poblaci\u00f3n LGTBIQ+ a trav\u00e9s de la cultura, la m\u00fasica y el arte,\u00a0 reforzando la pr\u00e1ctica de las lenguas maternas como el Quechua y Aymara para generar identidad.<\/p>\n<p>&nbsp;<\/p>\n<p>Reunir\u00e1 a m\u00e1s de 10 comunidades de Warmis Sikuris y Warmis lakitas de Per\u00fa, Chile, Argentina, Brasil y Bolivia.<\/p>\n<p>&nbsp;<\/p>\n<p>21 de diciembre, 19 hs.<\/p>\n<p>m\u00e1s informaci\u00f3n en warmisikuris@gmail.com<\/p>\n","protected":false},"excerpt":{"rendered":"<p>El Encuentro Warmi Sikuris y Warmi Lakitas en Latinoam\u00e9rica es un proyecto realizado de manera comunitaria y nace para visibilizar y articular el trabajo de las mujeres sikuris y lakitas en Latinoam\u00e9rica, haciendo \u00e9nfasis en su aporte a la comunidad y reforzando temas vitales como el empoderamiento de mujeres, ni\u00f1as, adolescentes y poblaci\u00f3n LGTBIQ+ a [&hellip;]<\/p>\n","protected":false},"author":1,"featured_media":14451,"comment_status":"closed","ping_status":"closed","sticky":false,"template":"","format":"standard","meta":{"footnotes":""},"categories":[53],"tags":[],"class_list":["post-14450","post","type-post","status-publish","format-standard","has-post-thumbnail","hentry","category-noticias-generales"],"lang":"es","translations":{"es":14450,"pt":14453},"pll_sync_post":[],"post_mailing_queue_ids":[],"_links":{"self":[{"href":"http:\/\/staging.ibermusicas.org\/index.php\/wp-json\/wp\/v2\/posts\/14450","targetHints":{"allow":["GET"]}}],"collection":[{"href":"http:\/\/staging.ibermusicas.org\/index.php\/wp-json\/wp\/v2\/posts"}],"about":[{"href":"http:\/\/staging.ibermusicas.org\/index.php\/wp-json\/wp\/v2\/types\/post"}],"author":[{"embeddable":true,"href":"http:\/\/staging.ibermusicas.org\/index.php\/wp-json\/wp\/v2\/users\/1"}],"replies":[{"embeddable":true,"href":"http:\/\/staging.ibermusicas.org\/index.php\/wp-json\/wp\/v2\/comments?post=14450"}],"version-history":[{"count":1,"href":"http:\/\/staging.ibermusicas.org\/index.php\/wp-json\/wp\/v2\/posts\/14450\/revisions"}],"predecessor-version":[{"id":14452,"href":"http:\/\/staging.ibermusicas.org\/index.php\/wp-json\/wp\/v2\/posts\/14450\/revisions\/14452"}],"wp:featuredmedia":[{"embeddable":true,"href":"http:\/\/staging.ibermusicas.org\/index.php\/wp-json\/wp\/v2\/media\/14451"}],"wp:attachment":[{"href":"http:\/\/staging.ibermusicas.org\/index.php\/wp-json\/wp\/v2\/media?parent=14450"}],"wp:term":[{"taxonomy":"category","embeddable":true,"href":"http:\/\/staging.ibermusicas.org\/index.php\/wp-json\/wp\/v2\/categories?post=14450"},{"taxonomy":"post_tag","embeddable":true,"href":"http:\/\/staging.ibermusicas.org\/index.php\/wp-json\/wp\/v2\/tags?post=14450"}],"curies":[{"name":"wp","href":"https:\/\/api.w.org\/{rel}","templated":true}]}}