{"id":14453,"date":"2022-12-14T19:08:14","date_gmt":"2022-12-14T19:08:14","guid":{"rendered":"http:\/\/staging.ibermusicas.org\/?p=14453"},"modified":"2022-12-14T19:08:14","modified_gmt":"2022-12-14T19:08:14","slug":"o-encontro-warmi-sikuris-e-warmi-lakitas-continua-na-america-latina","status":"publish","type":"post","link":"http:\/\/staging.ibermusicas.org\/index.php\/o-encontro-warmi-sikuris-e-warmi-lakitas-continua-na-america-latina\/","title":{"rendered":"O Encontro Warmi Sikuris e Warmi Lakitas continua na Am\u00e9rica Latina"},"content":{"rendered":"<p>O Encontro Warmi Sikuris e Warmi Lakitas na Am\u00e9rica Latina \u00e9 um projeto comunit\u00e1rio criado para tornar vis\u00edvel e articular o trabalho das mulheres Sikuris e Lakita na Am\u00e9rica Latina, enfatizando sua contribui\u00e7\u00e3o \u00e0 comunidade e refor\u00e7ando quest\u00f5es vitais como o empoderamento das mulheres, meninas, adolescentes e popula\u00e7\u00e3o LGTBIQ+ atrav\u00e9s da cultura, m\u00fasica e arte, refor\u00e7ando a pr\u00e1tica das l\u00ednguas maternas como o Quechua e o Aymara para gerar identidade.<\/p>\n<p>&nbsp;<\/p>\n<p>Ela reunir\u00e1 mais de 10 comunidades de Warmis Sikuris e Warmis Lakitas do Peru, Chile, Argentina, Brasil e Bol\u00edvia.<\/p>\n<p>&nbsp;<\/p>\n<p>&nbsp;<\/p>\n<p>&nbsp;<\/p>\n<p>21 de dezembro, 19h.<\/p>\n<p>mais informa\u00e7\u00f5es em warmisikuris@gmail.com<\/p>\n","protected":false},"excerpt":{"rendered":"<p>O Encontro Warmi Sikuris e Warmi Lakitas na Am\u00e9rica Latina \u00e9 um projeto comunit\u00e1rio criado para tornar vis\u00edvel e articular o trabalho das mulheres Sikuris e Lakita na Am\u00e9rica Latina, enfatizando sua contribui\u00e7\u00e3o \u00e0 comunidade e refor\u00e7ando quest\u00f5es vitais como o empoderamento das mulheres, meninas, adolescentes e popula\u00e7\u00e3o LGTBIQ+ atrav\u00e9s da cultura, m\u00fasica e arte, [&hellip;]<\/p>\n","protected":false},"author":1,"featured_media":14451,"comment_status":"closed","ping_status":"closed","sticky":false,"template":"","format":"standard","meta":{"footnotes":""},"categories":[218],"tags":[],"class_list":["post-14453","post","type-post","status-publish","format-standard","has-post-thumbnail","hentry","category-noticias-generales-pt"],"lang":"pt","translations":{"pt":14453,"es":14450},"pll_sync_post":[],"post_mailing_queue_ids":[],"_links":{"self":[{"href":"http:\/\/staging.ibermusicas.org\/index.php\/wp-json\/wp\/v2\/posts\/14453","targetHints":{"allow":["GET"]}}],"collection":[{"href":"http:\/\/staging.ibermusicas.org\/index.php\/wp-json\/wp\/v2\/posts"}],"about":[{"href":"http:\/\/staging.ibermusicas.org\/index.php\/wp-json\/wp\/v2\/types\/post"}],"author":[{"embeddable":true,"href":"http:\/\/staging.ibermusicas.org\/index.php\/wp-json\/wp\/v2\/users\/1"}],"replies":[{"embeddable":true,"href":"http:\/\/staging.ibermusicas.org\/index.php\/wp-json\/wp\/v2\/comments?post=14453"}],"version-history":[{"count":1,"href":"http:\/\/staging.ibermusicas.org\/index.php\/wp-json\/wp\/v2\/posts\/14453\/revisions"}],"predecessor-version":[{"id":14454,"href":"http:\/\/staging.ibermusicas.org\/index.php\/wp-json\/wp\/v2\/posts\/14453\/revisions\/14454"}],"wp:featuredmedia":[{"embeddable":true,"href":"http:\/\/staging.ibermusicas.org\/index.php\/wp-json\/wp\/v2\/media\/14451"}],"wp:attachment":[{"href":"http:\/\/staging.ibermusicas.org\/index.php\/wp-json\/wp\/v2\/media?parent=14453"}],"wp:term":[{"taxonomy":"category","embeddable":true,"href":"http:\/\/staging.ibermusicas.org\/index.php\/wp-json\/wp\/v2\/categories?post=14453"},{"taxonomy":"post_tag","embeddable":true,"href":"http:\/\/staging.ibermusicas.org\/index.php\/wp-json\/wp\/v2\/tags?post=14453"}],"curies":[{"name":"wp","href":"https:\/\/api.w.org\/{rel}","templated":true}]}}