{"id":14485,"date":"2022-12-14T19:42:52","date_gmt":"2022-12-14T19:42:52","guid":{"rendered":"http:\/\/staging.ibermusicas.org\/?p=14485"},"modified":"2022-12-29T19:19:49","modified_gmt":"2022-12-29T19:19:49","slug":"la-cumbia-colombiana-y-la-cumbia-peruana-se-hermanan-en-nacemos-con-la-cumbia-cuenta-y-canta-latinoamerica","status":"publish","type":"post","link":"http:\/\/staging.ibermusicas.org\/index.php\/la-cumbia-colombiana-y-la-cumbia-peruana-se-hermanan-en-nacemos-con-la-cumbia-cuenta-y-canta-latinoamerica\/","title":{"rendered":"La cumbia colombiana y la cumbia peruana se hermanan en \u201cNacemos con la Cumbia: Cuenta y Canta Latinoam\u00e9rica\u201d"},"content":{"rendered":"<p>Nacemos con la Cumbia: Cuenta y Canta Latinoam\u00e9rica se trata de un homenaje a las ra\u00edces de la cumbia colombiana y un reconocimiento a algunos de los grupos emblem\u00e1ticos de la cumbia peruana.<\/p>\n<p>&nbsp;<\/p>\n<p>El video cuenta con la participaci\u00f3n del actor y narrador Alekos de Colombia y del grupo musical Son del 9 de Villa Mar\u00eda del Triunfo, distrito emergente de Lima &#8211; Per\u00fa; asimismo cuenta con artistas invitados de dos reconocidos grupos de cumbia peruana: el Grupo Maravilla y el Grupo Centeno.<\/p>\n<p>&nbsp;<\/p>\n<p>Este trabajo refleja el valor que tiene como ritmo musical en Latinoam\u00e9rica. La cumbia puede ser una expresi\u00f3n de v\u00edvidos sentimientos humanos, y a su vez proponer mensajes de integraci\u00f3n, reconocimiento, comunidad y vitalidad.<\/p>\n<p>&nbsp;<\/p>\n<p>Se transmitir\u00e1 desde el 27 de diciembre hasta el 31 de diciembre a trav\u00e9s del canal de Facebook del Ministerio de Cultura del Per\u00fa y de la fanpage de Son del 9<\/p>\n","protected":false},"excerpt":{"rendered":"<p>Nacemos con la Cumbia: Cuenta y Canta Latinoam\u00e9rica se trata de un homenaje a las ra\u00edces de la cumbia colombiana y un reconocimiento a algunos de los grupos emblem\u00e1ticos de la cumbia peruana. &nbsp; El video cuenta con la participaci\u00f3n del actor y narrador Alekos de Colombia y del grupo musical Son del 9 de [&hellip;]<\/p>\n","protected":false},"author":1,"featured_media":14486,"comment_status":"closed","ping_status":"closed","sticky":false,"template":"","format":"standard","meta":{"footnotes":""},"categories":[53],"tags":[],"class_list":["post-14485","post","type-post","status-publish","format-standard","has-post-thumbnail","hentry","category-noticias-generales"],"lang":"es","translations":{"es":14485,"pt":14488},"pll_sync_post":[],"post_mailing_queue_ids":[],"_links":{"self":[{"href":"http:\/\/staging.ibermusicas.org\/index.php\/wp-json\/wp\/v2\/posts\/14485","targetHints":{"allow":["GET"]}}],"collection":[{"href":"http:\/\/staging.ibermusicas.org\/index.php\/wp-json\/wp\/v2\/posts"}],"about":[{"href":"http:\/\/staging.ibermusicas.org\/index.php\/wp-json\/wp\/v2\/types\/post"}],"author":[{"embeddable":true,"href":"http:\/\/staging.ibermusicas.org\/index.php\/wp-json\/wp\/v2\/users\/1"}],"replies":[{"embeddable":true,"href":"http:\/\/staging.ibermusicas.org\/index.php\/wp-json\/wp\/v2\/comments?post=14485"}],"version-history":[{"count":1,"href":"http:\/\/staging.ibermusicas.org\/index.php\/wp-json\/wp\/v2\/posts\/14485\/revisions"}],"predecessor-version":[{"id":14487,"href":"http:\/\/staging.ibermusicas.org\/index.php\/wp-json\/wp\/v2\/posts\/14485\/revisions\/14487"}],"wp:featuredmedia":[{"embeddable":true,"href":"http:\/\/staging.ibermusicas.org\/index.php\/wp-json\/wp\/v2\/media\/14486"}],"wp:attachment":[{"href":"http:\/\/staging.ibermusicas.org\/index.php\/wp-json\/wp\/v2\/media?parent=14485"}],"wp:term":[{"taxonomy":"category","embeddable":true,"href":"http:\/\/staging.ibermusicas.org\/index.php\/wp-json\/wp\/v2\/categories?post=14485"},{"taxonomy":"post_tag","embeddable":true,"href":"http:\/\/staging.ibermusicas.org\/index.php\/wp-json\/wp\/v2\/tags?post=14485"}],"curies":[{"name":"wp","href":"https:\/\/api.w.org\/{rel}","templated":true}]}}