{"id":14553,"date":"2022-12-24T17:54:21","date_gmt":"2022-12-24T17:54:21","guid":{"rendered":"http:\/\/staging.ibermusicas.org\/?p=14553"},"modified":"2023-07-17T13:17:44","modified_gmt":"2023-07-17T13:17:44","slug":"estudios-para-violonchelo-sobre-musicas-de-sudamerica","status":"publish","type":"post","link":"http:\/\/staging.ibermusicas.org\/index.php\/estudios-para-violonchelo-sobre-musicas-de-sudamerica\/","title":{"rendered":"Estudios para violonchelo sobre m\u00fasicas de Sudam\u00e9rica"},"content":{"rendered":"<p><strong>Estudios para violonchelo sobre m\u00fasicas de Sudam\u00e9rica<\/strong>, es un compendio de\u00a0 doce obras y\/o estudios t\u00e9cnicos y estil\u00edsticos (de nivel intermedio y avanzado), para violonchelo, que contienen desarrollos ritmo &#8211; mel\u00f3dicos, retos t\u00e9cnico &#8211; musicales y un conjunto de \u201cefectos\u201d (de percusi\u00f3n y de arco), que se realizan a partir de la trayectoria musical y\/o pedag\u00f3gica de los autores de este libro. Las exigencias estil\u00edsticas, particulares de cada obra, se presentan a partir de los ritmos escogidos por cada compositor y que son caracter\u00edsticos de Argentina (Chacarera y Zamba), Chile (Cueca y Aire Mapuche), Colombia (Porro, Torbellino y Bambuco sure\u00f1o), Per\u00fa (Huayno y Land\u00f3), Uruguay (Candombe y Milonga Campera \u2013 Marcha Cami\u00f3n), Colombia y Venezuela (Gab\u00e1n &#8211; golpe de Joropo). Cada estudio, viene acompa\u00f1ado por un texto explicativo que orienta al lector para la comprensi\u00f3n e interpretaci\u00f3n de las obras. Los estudios fueron escritos, en su mayor\u00eda, bajo el formato \u201cviolonchelo solo\u201d; sin embargo, algunos de ellos, incluyen \u201ccifra\u201d dentro de su composici\u00f3n los cuales pueden ser tocados bajo la modalidad \u201csolista\u201d o \u201csolista con acompa\u00f1amiento\u201d; uno m\u00e1s, incluye otro violonchelo para tocar la obra a \u201cdueto\u201d.<\/p>\n<p>Este material did\u00e1ctico pretende ser un aporte cultural que destaque la diversidad musical de Sudam\u00e9rica, que fomente la investigaci\u00f3n de los recursos t\u00e9cnicos y musicales del violonchelo dentro de estas m\u00fasicas populares generando una integraci\u00f3n entre violonchelistas y el entorno de su lenguaje tradicional para resignificar la ense\u00f1anza \u2013 aprendizaje del repertorio acad\u00e9mico sudamericano, para violonchelo, a partir del estudio de nuestras propias m\u00fasicas populares.<\/p>\n<p><a href=\"http:\/\/staging.ibermusicas.org\/wp-content\/uploads\/2020\/04\/Libro-estudios-Para-Violonchelo.pdf\" target=\"_blank\" rel=\"noopener\">DESCARGAR LIBRO<\/a><\/p>\n","protected":false},"excerpt":{"rendered":"<p>Estudios para violonchelo sobre m\u00fasicas de Sudam\u00e9rica, es un compendio de\u00a0 doce obras y\/o estudios t\u00e9cnicos y estil\u00edsticos (de nivel intermedio y avanzado), para violonchelo, que contienen desarrollos ritmo &#8211; mel\u00f3dicos, retos t\u00e9cnico &#8211; musicales y un conjunto de \u201cefectos\u201d (de percusi\u00f3n y de arco), que se realizan a partir de la trayectoria musical y\/o [&hellip;]<\/p>\n","protected":false},"author":1,"featured_media":14554,"comment_status":"closed","ping_status":"closed","sticky":false,"template":"","format":"standard","meta":{"footnotes":""},"categories":[54],"tags":[591,96],"class_list":["post-14553","post","type-post","status-publish","format-standard","has-post-thumbnail","hentry","category-investigacion-musical","tag-591","tag-argentina"],"lang":"es","translations":{"es":14553,"pt":14557},"pll_sync_post":[],"post_mailing_queue_ids":[],"_links":{"self":[{"href":"http:\/\/staging.ibermusicas.org\/index.php\/wp-json\/wp\/v2\/posts\/14553","targetHints":{"allow":["GET"]}}],"collection":[{"href":"http:\/\/staging.ibermusicas.org\/index.php\/wp-json\/wp\/v2\/posts"}],"about":[{"href":"http:\/\/staging.ibermusicas.org\/index.php\/wp-json\/wp\/v2\/types\/post"}],"author":[{"embeddable":true,"href":"http:\/\/staging.ibermusicas.org\/index.php\/wp-json\/wp\/v2\/users\/1"}],"replies":[{"embeddable":true,"href":"http:\/\/staging.ibermusicas.org\/index.php\/wp-json\/wp\/v2\/comments?post=14553"}],"version-history":[{"count":3,"href":"http:\/\/staging.ibermusicas.org\/index.php\/wp-json\/wp\/v2\/posts\/14553\/revisions"}],"predecessor-version":[{"id":16437,"href":"http:\/\/staging.ibermusicas.org\/index.php\/wp-json\/wp\/v2\/posts\/14553\/revisions\/16437"}],"wp:featuredmedia":[{"embeddable":true,"href":"http:\/\/staging.ibermusicas.org\/index.php\/wp-json\/wp\/v2\/media\/14554"}],"wp:attachment":[{"href":"http:\/\/staging.ibermusicas.org\/index.php\/wp-json\/wp\/v2\/media?parent=14553"}],"wp:term":[{"taxonomy":"category","embeddable":true,"href":"http:\/\/staging.ibermusicas.org\/index.php\/wp-json\/wp\/v2\/categories?post=14553"},{"taxonomy":"post_tag","embeddable":true,"href":"http:\/\/staging.ibermusicas.org\/index.php\/wp-json\/wp\/v2\/tags?post=14553"}],"curies":[{"name":"wp","href":"https:\/\/api.w.org\/{rel}","templated":true}]}}